{"id":497,"date":"2014-11-21T21:56:40","date_gmt":"2014-11-21T20:56:40","guid":{"rendered":"http:\/\/blogs.hoy.es\/Juandomingofernandez\/?p=497"},"modified":"2014-11-21T21:56:40","modified_gmt":"2014-11-21T20:56:40","slug":"massa-solis-definitivo","status":"publish","type":"post","link":"https:\/\/blogs.hoy.es\/Juandomingofernandez\/2014\/11\/21\/massa-solis-definitivo\/","title":{"rendered":"Massa Sol\u00eds, definitivo"},"content":{"rendered":"<p>En Extremadura tenemos pintores y artistas a quienes probablemente les reserva m\u00e1s generosidad el ma\u00f1ana que el ayer. Artistas que suelen dejar tras de s\u00ed la estela de una obra muchas veces asombrosa y la sensaci\u00f3n de una falta de reconocimiento tremendamente injusta. Pintores como Jos\u00e9 Massa Sol\u00eds, cuya entrega profesional durante d\u00e9cadas atraves\u00f3 vericuetos que forjaron su car\u00e1cter y su natural bonhom\u00eda. Lejos de arredrarse ante las dificultades, Massa ha demostrado ser una persona que no deja vencerse por las adversidades ni permite que decaiga su vocaci\u00f3n. Y no estoy haciendo \u2018valoraciones\u2019 art\u00edsticas, hablo de ese universo invisible que conforma la personalidad del  esp\u00edritu creador, la persistente llamada de quien salda cada jornada la deuda con la pasi\u00f3n que alimenta su vida, sea esa pasi\u00f3n la pintura, la escritura, la m\u00fasica&#8230;<br \/>\nAl contrario de lo que ocurre con algunos genios art\u00edsticos coronados por la incomprensi\u00f3n y el misterio, la trayectoria de Massa Sol\u00eds ha gozado siempre del favor del p\u00fablico. No tiene desde ese punto de vista zonas de sombra. Podr\u00eda decirse que sus cuadros, desde las primeras series dedicadas a los paisajes y monumentos destacados de Extremadura hasta las m\u00e1s recientes de retratos encendidamente \u2018pop\u2019, consiguen enlazar enseguida con el gusto de un espectador deseoso de emocionarse ante la belleza serena del  paisaje o el colorido vitalista de los rincones monumentales. Un espectador que no busca, en resumidas cuentas, sentirse perturbado por el fondo o las formas desasosegantes. Todo lo contrario m\u00e1s bien. Porque la obra de Massa Sol\u00eds es un permanente homenaje a la belleza amable, dulce, sensible; un tributo al encanto que emociona sin apabullar.<br \/>\nA pesar de los inconvenientes y contrariedades que le supuso la creaci\u00f3n y luego \u2018desaparici\u00f3n\u2019 de un museo personal en C\u00e1ceres (desde hace pocos a\u00f1os el grueso de su obra est\u00e1 dignamente representada en su localidad natal, Miajadas), Jos\u00e9 Massa Sol\u00eds no consinti\u00f3 que le vencieran la adversidad ni el rencor. Firmeza y determinaci\u00f3n. En vez de precipitarse a depurar la tristeza se ha dedicado a reinterpretar con su particular\u00edsimo estilo el gozo de casi veinte obras muy conocidas de impresionistas franceses y de grandes maestros espa\u00f1oles.<br \/>\nY justo con ese t\u00edtulo, \u2018<a href=\"http:\/\/www.lanzarte.net\/lasparedesdelgrancafe\/galeria.html\" target=\"_blank\">Homenaje a los impresionistas y maestros espa\u00f1oles<\/a>\u2019 expone ahora en el Gran Caf\u00e9 de C\u00e1ceres 19 creaciones en formato de obra gr\u00e1fica seriada entre las que figuran \u2018Almuerzo campestre\u2019, de Manet; \u2018La comida de los remeros\u2019, de Renoir; \u2018La clase de Danza\u2019, de Degas; \u2018La habitaci\u00f3n del pintor en Arles\u2019, de Van Gogh; \u2018Playa de la Malvarrosa\u2019, de Sorolla; \u2018Impresi\u00f3n, amanecer\u2019 y \u2018Nen\u00fafares en Giberny\u2019, de Monet; \u2018Verano\u2019, de Mary Cassatt; \u2018Pastoral\u2019, de Matisse; \u2018Baile en en Molino Rojo\u2019, de  Toulousse Lautrec ; \u2018Las Meninas\u2019, de Vel\u00e1zquez; \u2018La adoraci\u00f3n de los pastores\u2019, de El Greco; \u2018Las se\u00f1oritas de Avignon\u2019, de Picasso; \u2018La persistencia de la memoria\u2019, de Dal\u00ed o \u2018La gallina ciega\u2019, de Goya. La muestra fue inaugurada ayer, 20 de noviembre y permanecer\u00e1 abierta hasta el 18 de enero. <\/p>\n<!-- AddThis Advanced Settings generic via filter on the_content --><!-- AddThis Share Buttons generic via filter on the_content -->","protected":false},"excerpt":{"rendered":"<p>En Extremadura tenemos pintores y artistas a quienes probablemente les reserva m\u00e1s generosidad el ma\u00f1ana que el ayer. Artistas que suelen dejar tras de s\u00ed la estela de una obra muchas veces asombrosa y la sensaci\u00f3n de una falta de reconocimiento tremendamente injusta. Pintores como Jos\u00e9 Massa Sol\u00eds, cuya entrega profesional durante d\u00e9cadas atraves\u00f3 vericuetos [&hellip;]<!-- AddThis Advanced Settings generic via filter on get_the_excerpt --><!-- AddThis Share Buttons generic via filter on get_the_excerpt --><\/p>\n","protected":false},"author":13,"featured_media":0,"comment_status":"open","ping_status":"closed","sticky":false,"template":"","format":"standard","meta":[],"categories":[1],"tags":[105,146,612,696,925,998,1023],"_links":{"self":[{"href":"https:\/\/blogs.hoy.es\/Juandomingofernandez\/wp-json\/wp\/v2\/posts\/497"}],"collection":[{"href":"https:\/\/blogs.hoy.es\/Juandomingofernandez\/wp-json\/wp\/v2\/posts"}],"about":[{"href":"https:\/\/blogs.hoy.es\/Juandomingofernandez\/wp-json\/wp\/v2\/types\/post"}],"author":[{"embeddable":true,"href":"https:\/\/blogs.hoy.es\/Juandomingofernandez\/wp-json\/wp\/v2\/users\/13"}],"replies":[{"embeddable":true,"href":"https:\/\/blogs.hoy.es\/Juandomingofernandez\/wp-json\/wp\/v2\/comments?post=497"}],"version-history":[{"count":0,"href":"https:\/\/blogs.hoy.es\/Juandomingofernandez\/wp-json\/wp\/v2\/posts\/497\/revisions"}],"wp:attachment":[{"href":"https:\/\/blogs.hoy.es\/Juandomingofernandez\/wp-json\/wp\/v2\/media?parent=497"}],"wp:term":[{"taxonomy":"category","embeddable":true,"href":"https:\/\/blogs.hoy.es\/Juandomingofernandez\/wp-json\/wp\/v2\/categories?post=497"},{"taxonomy":"post_tag","embeddable":true,"href":"https:\/\/blogs.hoy.es\/Juandomingofernandez\/wp-json\/wp\/v2\/tags?post=497"}],"curies":[{"name":"wp","href":"https:\/\/api.w.org\/{rel}","templated":true}]}}