{"id":498,"date":"2014-11-28T22:16:21","date_gmt":"2014-11-28T21:16:21","guid":{"rendered":"http:\/\/blogs.hoy.es\/Juandomingofernandez\/?p=498"},"modified":"2014-11-28T22:16:21","modified_gmt":"2014-11-28T21:16:21","slug":"dali-picasso-y-podemos","status":"publish","type":"post","link":"https:\/\/blogs.hoy.es\/Juandomingofernandez\/2014\/11\/28\/dali-picasso-y-podemos\/","title":{"rendered":"Dal\u00ed, Picasso y Podemos"},"content":{"rendered":"<p>Hace a\u00f1os, en una de aquellas extraordinarias entrevistas de Soler Serrano en TVE, el pintor Salvador Dal\u00ed desment\u00eda viejos enfrentamientos con Pablo Picasso, en contra de lo que propalaban las leyendas de la \u00e9poca. Contaba Dal\u00ed que Picasso, \u00abun ser muy generoso\u00bb, fue precisamente quien le prest\u00f3 dinero para irse a Am\u00e9rica y como prueba de la amistad que les un\u00eda record\u00f3 tambi\u00e9n que   elaboraron entre ambos un grabado con motivos caracter\u00edsticos de sus estilos dibujando de forma sucesiva en la misma plancha. Un tipo de colaboraci\u00f3n art\u00edstica que Picasso no hab\u00eda hecho con nadie.<br \/>\nEn aquella <a href=\"http:\/\/vimeo.com\/32249942\" target=\"_blank\">estupenda entrevista Dal\u00ed<\/a> recit\u00f3 su famosa frase sobre Picasso: \u00abPicasso es espa\u00f1ol, yo tambi\u00e9n; Picasso es un genio, yo tambi\u00e9n, Picasso es comunista, yo tampoco\u00bb. Y cont\u00f3 m\u00e1s circunstancias hist\u00f3ricas que reflejaban la dimensi\u00f3n de su amistad. \u00abCuando yo viene a Espa\u00f1a dije que deb\u00eda importarnos un pito si era comunista o no y que Picasso ten\u00eda que regresar a Espa\u00f1a\u00bb. El genio malague\u00f1o agradeci\u00f3 el capote y respondi\u00f3 al ofrecimiento. Durante la entrevista Dal\u00ed lo explica a su manera: \u00abPicasso dijo una cosa muy bonita. Dijo: \u2018Parece que Dal\u00ed me tiende la mano pero de momento no veo nada m\u00e1s que la falange&#8230; de la mano\u2019. Y es absurdo\u00bb, vocalizaba solemne, \u00abporque yo nunca he sido falangista, ni mucho menos, ni he pertenecido a ning\u00fan partido pol\u00edtico nunca en mi vida\u00bb.<br \/>\nDespu\u00e9s del t\u00edtulo de esta columna, ya imaginan por qu\u00e9 he recordado la entrevista de Soler Serrano con Dal\u00ed. Creo que el \u2018comunismo\u2019 de Picasso era de una estirpe tan comunista como el \u2018comunismo\u2019 de quienes  vislumbran en Podemos la encarnaci\u00f3n de Satan\u00e1s y todas sus pompas. A m\u00ed me parece que la refutaci\u00f3n de brocha gorda contra esa formaci\u00f3n no es el camino m\u00e1s aconsejable. Al contrario, creo que sirve para darle p\u00e1bulo a la imagen de justicieros, de meros vengadores de Podemos, como si de esa forma se conjurasen las posibilidades reales de ocupar determinadas parcelas de poder y  aplicar pol\u00edticas distintas (no sabemos a\u00fan si mejores o peores) que las experimentadas hasta ahora. Digamos que el miedo y el catastrofismo opera precisamente en contra de quien lo siente.<br \/>\n Quienes desprecian a Podemos con el argumento de que son \u2018comunistas\u2019 que van a dejarnos las estanter\u00edas de los supermercados sin papel higi\u00e9nico y pueden retornarnos a la Espa\u00f1a del racionamiento lo que hacen es suministrar combustible y credibilidad a esa parte de la sociedad convencida ya de que Podemos es la \u00fanica herramienta democr\u00e1tica para acabar con una serie de pr\u00e1cticas pol\u00edticas y una realidad social nefastas. Porque hay gente que teme m\u00e1s la realidad del paro devastador y la econom\u00eda en crisis que al fantasma del \u2018chavismo\u2019. Gente que teme m\u00e1s al ahora que al ma\u00f1ana.<br \/>\nAll\u00e1 cada cual con sus preferencias ideol\u00f3gicas pero por favor, sin trampas en el solitario. No puede incitarse al inmovilismo agitando el espantajo de Podemos. Ni se puede alimentar la idea de que \u2018solo\u2019 hay dos posibilidades: la casta o el \u2018comunismo\u2019 de laboratorio, el purgatorio o el caos. No es verdad.  <\/p>\n<!-- AddThis Advanced Settings generic via filter on the_content --><!-- AddThis Share Buttons generic via filter on the_content -->","protected":false},"excerpt":{"rendered":"<p>Hace a\u00f1os, en una de aquellas extraordinarias entrevistas de Soler Serrano en TVE, el pintor Salvador Dal\u00ed desment\u00eda viejos enfrentamientos con Pablo Picasso, en contra de lo que propalaban las leyendas de la \u00e9poca. Contaba Dal\u00ed que Picasso, \u00abun ser muy generoso\u00bb, fue precisamente quien le prest\u00f3 dinero para irse a Am\u00e9rica y como prueba [&hellip;]<!-- AddThis Advanced Settings generic via filter on get_the_excerpt --><!-- AddThis Share Buttons generic via filter on get_the_excerpt --><\/p>\n","protected":false},"author":13,"featured_media":0,"comment_status":"open","ping_status":"closed","sticky":false,"template":"","format":"standard","meta":[],"categories":[1],"tags":[263,312,371,422,994,1009,1015],"_links":{"self":[{"href":"https:\/\/blogs.hoy.es\/Juandomingofernandez\/wp-json\/wp\/v2\/posts\/498"}],"collection":[{"href":"https:\/\/blogs.hoy.es\/Juandomingofernandez\/wp-json\/wp\/v2\/posts"}],"about":[{"href":"https:\/\/blogs.hoy.es\/Juandomingofernandez\/wp-json\/wp\/v2\/types\/post"}],"author":[{"embeddable":true,"href":"https:\/\/blogs.hoy.es\/Juandomingofernandez\/wp-json\/wp\/v2\/users\/13"}],"replies":[{"embeddable":true,"href":"https:\/\/blogs.hoy.es\/Juandomingofernandez\/wp-json\/wp\/v2\/comments?post=498"}],"version-history":[{"count":0,"href":"https:\/\/blogs.hoy.es\/Juandomingofernandez\/wp-json\/wp\/v2\/posts\/498\/revisions"}],"wp:attachment":[{"href":"https:\/\/blogs.hoy.es\/Juandomingofernandez\/wp-json\/wp\/v2\/media?parent=498"}],"wp:term":[{"taxonomy":"category","embeddable":true,"href":"https:\/\/blogs.hoy.es\/Juandomingofernandez\/wp-json\/wp\/v2\/categories?post=498"},{"taxonomy":"post_tag","embeddable":true,"href":"https:\/\/blogs.hoy.es\/Juandomingofernandez\/wp-json\/wp\/v2\/tags?post=498"}],"curies":[{"name":"wp","href":"https:\/\/api.w.org\/{rel}","templated":true}]}}