{"id":501,"date":"2014-12-19T13:48:19","date_gmt":"2014-12-19T12:48:19","guid":{"rendered":"http:\/\/blogs.hoy.es\/Juandomingofernandez\/?p=501"},"modified":"2014-12-19T13:48:19","modified_gmt":"2014-12-19T12:48:19","slug":"y-manana-cuba","status":"publish","type":"post","link":"https:\/\/blogs.hoy.es\/Juandomingofernandez\/2014\/12\/19\/y-manana-cuba\/","title":{"rendered":"Y ma\u00f1ana&#8230; Cuba"},"content":{"rendered":"<p>En el columnismo period\u00edstico suelen trinar estos d\u00edas asuntos de pi\u00f1\u00f3n fijo. Por ejemplo, el de la Loter\u00eda de navidad con sus m\u00faltiples variaciones: \u00abPocas personas con el coraz\u00f3n tan bueno y generoso como los del bar de Antonio\u00bb; \u00abel anuncio de este a\u00f1o ha hecho que se venda m\u00e1s loter\u00eda que con \u2018el calvo\u2019\u00bb; o la muletilla sentenciosa: \u00abLo importante es la salud\u00bb. M\u00e1s all\u00e1, la pol\u00e9mica entre belenistas y defensores del \u00e1rbol decorado \u2013anticipo de la pugna entre Pap\u00e1 Noel y los Reyes Magos\u2013 y argumento recurrente de otros debates c\u00edclicos: los excesos del consumismo, la tendencia de los ni\u00f1os de ahora a los juegos individuales, el sedentarismo de los padres, la hipocres\u00eda de una sociedad que fija fecha y horario a las buenas intenciones. En fin, un repertorio nutrido.<br \/>\n\u00abSe canta lo que se pierde\u00bb, escribi\u00f3 Machado, y acaso por ello tambi\u00e9n son estos d\u00edas propicios al balance y al recuento. La actualidad es pr\u00f3diga. El restablecimiento de relaciones entre Estados Unidos y Cuba abre una puerta a la esperanza con un pa\u00eds al que Espa\u00f1a est\u00e1 vinculado de manera especial por razones hist\u00f3ricas.<br \/>\nCuba dej\u00f3 de ser el casino y el lupanar de Norteam\u00e9rica hace m\u00e1s de medio siglo para plantarle cara a un gigante que de otra manera hubiera usado al pa\u00eds como su \u00abpatio trasero\u00bb, por utilizar la misma expresi\u00f3n con la que un dirigente norteamericano se refiri\u00f3 alguna vez al conjunto de Iberoam\u00e9rica. Una Cuba que pag\u00f3 con el bloqueo y el embargo interminables el precio de una revoluci\u00f3n ambiciosa e irregular en sus frutos. El precio que suele pagarse en derechos humanos, libertades individuales y progreso econ\u00f3mico cuando no se est\u00e1 dispuesto a bajar la cabeza ni a perder la dignidad como pueblo ante un vecino que es un gigante mundial y necesita imponer sus condiciones porque ya se sabe, \u00ablo que es bueno para la General Motors es bueno para los Estados Unidos\u00bb.  S\u00f3lo los cubanos conocen bien el tributo pagado por la implantaci\u00f3n del \u2018socialismo real\u2019 en una isla comandada desde 1959 hasta la fecha por los hermanos Fidel y Ra\u00fal Castro. Precisamente por todos los cubanos me alegro si los \u00faltimos acuerdos contribuyen a mejorar sus condiciones de vida. Y de esperanza.<br \/>\nYo nunca he viajado a Cuba. Mi Cuba no es por tanto la de las jineteras en el malec\u00f3n o la de las mulatas busc\u00e1ndose la vida en la  desvencijada y bella Habana vieja. Mi Cuba son los versos de Jos\u00e9 Mart\u00ed y las novelas de Lezama Lima. (\u00a1Oh, \u2018Paradiso\u2019 !). Mi Cuba son las canciones de Silvio Rodr\u00edguez y de Pablo Milan\u00e9s y tambi\u00e9n los himnos universales de Carlos Puebla. Mi Cuba es la \u2018carta del Che\u2019, el libro \u2018Fuera de juego\u2019 de Heberto Padilla pero  tambi\u00e9n su novela \u2018En mi jard\u00edn pastan los h\u00e9roes\u2019. Mi Cuba es la literatura de Nicol\u00e1s Guill\u00e9n y de Alejo Carpentier . Y los libros de Guillermo Cabrera Infante y los recuerdos cubanos de Hemingway y de Jos\u00e9 \u00c1ngel Valente y de Julio Cort\u00e1zar y de Gabriel Garc\u00eda M\u00e1rquez. Mi Cuba es la memoria tr\u00e1gica de Roque Dalton, algunas fotos de Chinolope y ahora, la confianza en una vida mejor de palabra y de hecho. Mi Cuba hoy es un luminoso \u00a1ojal\u00e1!<\/p>\n<!-- AddThis Advanced Settings generic via filter on the_content --><!-- AddThis Share Buttons generic via filter on the_content -->","protected":false},"excerpt":{"rendered":"<p>En el columnismo period\u00edstico suelen trinar estos d\u00edas asuntos de pi\u00f1\u00f3n fijo. Por ejemplo, el de la Loter\u00eda de navidad con sus m\u00faltiples variaciones: \u00abPocas personas con el coraz\u00f3n tan bueno y generoso como los del bar de Antonio\u00bb; \u00abel anuncio de este a\u00f1o ha hecho que se venda m\u00e1s loter\u00eda que con \u2018el calvo\u2019\u00bb; [&hellip;]<!-- AddThis Advanced Settings generic via filter on get_the_excerpt --><!-- AddThis Share Buttons generic via filter on get_the_excerpt --><\/p>\n","protected":false},"author":13,"featured_media":0,"comment_status":"open","ping_status":"closed","sticky":false,"template":"","format":"standard","meta":[],"categories":[1],"tags":[49,200,232,306,327,432,486,526,560,568,572,598,681,695,718,753,912,946,1107,1131,1187],"_links":{"self":[{"href":"https:\/\/blogs.hoy.es\/Juandomingofernandez\/wp-json\/wp\/v2\/posts\/501"}],"collection":[{"href":"https:\/\/blogs.hoy.es\/Juandomingofernandez\/wp-json\/wp\/v2\/posts"}],"about":[{"href":"https:\/\/blogs.hoy.es\/Juandomingofernandez\/wp-json\/wp\/v2\/types\/post"}],"author":[{"embeddable":true,"href":"https:\/\/blogs.hoy.es\/Juandomingofernandez\/wp-json\/wp\/v2\/users\/13"}],"replies":[{"embeddable":true,"href":"https:\/\/blogs.hoy.es\/Juandomingofernandez\/wp-json\/wp\/v2\/comments?post=501"}],"version-history":[{"count":0,"href":"https:\/\/blogs.hoy.es\/Juandomingofernandez\/wp-json\/wp\/v2\/posts\/501\/revisions"}],"wp:attachment":[{"href":"https:\/\/blogs.hoy.es\/Juandomingofernandez\/wp-json\/wp\/v2\/media?parent=501"}],"wp:term":[{"taxonomy":"category","embeddable":true,"href":"https:\/\/blogs.hoy.es\/Juandomingofernandez\/wp-json\/wp\/v2\/categories?post=501"},{"taxonomy":"post_tag","embeddable":true,"href":"https:\/\/blogs.hoy.es\/Juandomingofernandez\/wp-json\/wp\/v2\/tags?post=501"}],"curies":[{"name":"wp","href":"https:\/\/api.w.org\/{rel}","templated":true}]}}