{"id":502,"date":"2014-12-26T20:09:30","date_gmt":"2014-12-26T19:09:30","guid":{"rendered":"http:\/\/blogs.hoy.es\/Juandomingofernandez\/?p=502"},"modified":"2014-12-26T20:09:30","modified_gmt":"2014-12-26T19:09:30","slug":"dialogos-sostenibles","status":"publish","type":"post","link":"https:\/\/blogs.hoy.es\/Juandomingofernandez\/2014\/12\/26\/dialogos-sostenibles\/","title":{"rendered":"Di\u00e1logos sostenibles"},"content":{"rendered":"<p>La pasada semana participaron en C\u00e1ceres en una iniciativa del Centro Unesco de Extremadura dos prestigiosos periodistas, Soledad Gallego-D\u00edaz, exdirectora adjunta de \u2018El Pa\u00eds\u2019 y Jos\u00e9 Juli\u00e1n Barriga, exdirector general de Servimedia. Bajo el t\u00edtulo \u2018Di\u00e1logos sostenibles\u2019, ambos intercambiaron reflexiones y puntos de vista acerca de nuestra realidad pol\u00edtica, econ\u00f3mica, medioambiental&#8230; Soledad Gallego-D\u00edaz, una de esas firmas que en el panorama period\u00edstico nacional apuestan desde hace a\u00f1os por la lucidez y la sensatez antes que por la palabrer\u00eda o la vanidad, expres\u00f3 algunas discrepancias con quienes abominan del bipartidismo. \u00abEl bipartidismo no puede ser percibido como una amenaza sino como una incitaci\u00f3n al cambio\u00bb, dijo. Marc\u00f3 tambi\u00e9n ciertas l\u00edneas rojas que no es conveniente rebasar: \u00abLa cultura democr\u00e1tica consiste en el respeto a las instituciones\u00bb. \u00abNo es sostenible un pa\u00eds democr\u00e1tico con instituciones desprestigiadas\u00bb.<br \/>\nEs verdad que no se trata de un riesgo reciente, el peligro ha crecido de forma exponencial con los esc\u00e1ndalos de corrupci\u00f3n de pol\u00edticos, empresarios y en los \u00faltimos tiempos con las derivadas estrat\u00e9gicas que tratan de convertir en cascotes instituciones que han sido b\u00e1sicas para la convivencia y el progreso de todos. El r\u00edo revuelto de la corrucpci\u00f3n y la crisis econ\u00f3mica tiene que llevarse por delante la podredumbre de los que encuentre a su paso \u2013grandes y peque\u00f1os\u2013 pero no podemos ser como Abundio, que vendi\u00f3 el coche para comprar la gasolina.<br \/>\nUna de las circunstancias por las que probablemente la sociedad espa\u00f1ola atraviesa esta encrucijada es la \u00abdesaparici\u00f3n de la pedagog\u00eda pol\u00edtica\u00bb para subrayar lo que Sol Gallego-D\u00edaz denomin\u00f3 \u00abla posibilidad de consensos\u00bb. La p\u00e9rdida en la pr\u00e1ctica pol\u00edtica habitual del acuerdo, del consenso como  instrumento imprescindible para la convivencia democr\u00e1tica. Vivimos tiempos en los que \u2018solo\u2019 parece posible el enfrentamiento, el numantinismo partidista (a veces ni siquiera ideol\u00f3gico) desde posiciones marcadamente sectarias y alicortas. Basta echar una ojeada al panorama de instituciones del Estado que deben renovarse de acuerdo con los partidos, pongamos el Tribunal Constitucional, por si a alguien le caben dudas.<br \/>\nLa necesidad de no confundir \u2018corruptos\u2019 o \u2018pol\u00edticos corruptos\u2019 con instituciones democr\u00e1ticas es la misma que debe respetarse  al considerar si el estado de bienestar europeo es sostenible. Seg\u00fan Gallego-D\u00edaz \u00ablo que no son sostenibles son las mismas cat\u00e1strofes\u00bb de los \u00faltimos a\u00f1os: \u00abel ansia de acumulaci\u00f3n de capital\u00bb de muchos sectores o la \u00abincapacidad de establecer mecanismos de control\u00bb que exist\u00edan con anterioridad y a los que se renunci\u00f3 igual que se aceptaron \u00abprocesos asim\u00e9tricos\u00bb que llevaban impl\u00edcita la se\u00f1al del fracaso.<br \/>\n\u00bfY en Extremadura? Me quedo con el argumento m\u00e1s sobresaliente a mi entender de Jos\u00e9 Juli\u00e1n Barriga: sin empleo no hay futuro. Si el empleo es a base de subvenci\u00f3n, de trabajo dopado,  tambi\u00e9n llevar\u00e1 impl\u00edcita la se\u00f1al del fracaso. La palabra m\u00e1gica \u2013aunque no suene muy bien\u2013 es \u2018empleabilidad\u2019. Habr\u00e1 que empezar a usarla.<\/p>\n<!-- AddThis Advanced Settings generic via filter on the_content --><!-- AddThis Share Buttons generic via filter on the_content -->","protected":false},"excerpt":{"rendered":"<p>La pasada semana participaron en C\u00e1ceres en una iniciativa del Centro Unesco de Extremadura dos prestigiosos periodistas, Soledad Gallego-D\u00edaz, exdirectora adjunta de \u2018El Pa\u00eds\u2019 y Jos\u00e9 Juli\u00e1n Barriga, exdirector general de Servimedia. Bajo el t\u00edtulo \u2018Di\u00e1logos sostenibles\u2019, ambos intercambiaron reflexiones y puntos de vista acerca de nuestra realidad pol\u00edtica, econ\u00f3mica, medioambiental&#8230; Soledad Gallego-D\u00edaz, una de [&hellip;]<!-- AddThis Advanced Settings generic via filter on get_the_excerpt --><!-- AddThis Share Buttons generic via filter on get_the_excerpt --><\/p>\n","protected":false},"author":13,"featured_media":0,"comment_status":"open","ping_status":"closed","sticky":false,"template":"","format":"standard","meta":[],"categories":[1],"tags":[160,274,399,422,456,631,691,1015,1205,1213],"_links":{"self":[{"href":"https:\/\/blogs.hoy.es\/Juandomingofernandez\/wp-json\/wp\/v2\/posts\/502"}],"collection":[{"href":"https:\/\/blogs.hoy.es\/Juandomingofernandez\/wp-json\/wp\/v2\/posts"}],"about":[{"href":"https:\/\/blogs.hoy.es\/Juandomingofernandez\/wp-json\/wp\/v2\/types\/post"}],"author":[{"embeddable":true,"href":"https:\/\/blogs.hoy.es\/Juandomingofernandez\/wp-json\/wp\/v2\/users\/13"}],"replies":[{"embeddable":true,"href":"https:\/\/blogs.hoy.es\/Juandomingofernandez\/wp-json\/wp\/v2\/comments?post=502"}],"version-history":[{"count":0,"href":"https:\/\/blogs.hoy.es\/Juandomingofernandez\/wp-json\/wp\/v2\/posts\/502\/revisions"}],"wp:attachment":[{"href":"https:\/\/blogs.hoy.es\/Juandomingofernandez\/wp-json\/wp\/v2\/media?parent=502"}],"wp:term":[{"taxonomy":"category","embeddable":true,"href":"https:\/\/blogs.hoy.es\/Juandomingofernandez\/wp-json\/wp\/v2\/categories?post=502"},{"taxonomy":"post_tag","embeddable":true,"href":"https:\/\/blogs.hoy.es\/Juandomingofernandez\/wp-json\/wp\/v2\/tags?post=502"}],"curies":[{"name":"wp","href":"https:\/\/api.w.org\/{rel}","templated":true}]}}