{"id":506,"date":"2015-01-16T11:37:58","date_gmt":"2015-01-16T10:37:58","guid":{"rendered":"http:\/\/blogs.hoy.es\/Juandomingofernandez\/?p=506"},"modified":"2015-01-16T11:37:58","modified_gmt":"2015-01-16T10:37:58","slug":"los-fanatismos-y-la-ley","status":"publish","type":"post","link":"https:\/\/blogs.hoy.es\/Juandomingofernandez\/2015\/01\/16\/los-fanatismos-y-la-ley\/","title":{"rendered":"Los fanatismos y la ley"},"content":{"rendered":"<p>Los problemas complejos suelen exigir soluciones complejas. Supongo que por eso a\u00fan no se comercializa el motor de agua ni la gente tiene excesiva fe en los crecepelos&#8230; Salvo el famoso nudo gordiano \u2013que cort\u00f3 Alejandro Magno con la espada\u2013 los problemas antiguos y complejos de la sociedad se desanudan con algo m\u00e1s que f\u00f3rmulas m\u00e1gicas.<br \/>\nAunque nunca faltan intr\u00e9pidos salvadores que proclaman: \u00abEso lo arreglaba yo con&#8230;\u00bb y escriba usted lo que corresponda sobre los puntos suspensivos, lo cierto es que no se conocen varitas m\u00e1gicas para hacer surgir el milagro de la nada. El terrorismo yihadista est\u00e1 haciendo que afloren nuestros sentimientos m\u00e1s primarios, nuestros miedos, nuestros demonios interiores, nuestros prejuicios, nuestras contradicciones&#8230; Basta repasar las m\u00faltiples posturas defendidas con ardor en tertulias y debates p\u00fablicos para percibir que se trata de uno de esos problemas complejos que no admiten soluciones f\u00e1ciles, r\u00e1pidas y un\u00e1nimes.<br \/>\nEn las redes sociales circula estos d\u00edas el relato atribuido a un jud\u00edo superviviente del holocausto nazi y en la actualidad psiquiatra forense en Estados Unidos. Se trata de un testimonio demoledor. Su tesis, sencilla y f\u00e1cil de comprender: pocos alemanes eran nazis al principio, y a los verdaderos nazis los tomaban como tontos hasta que tomaron el control de todo. Con los musulmanes, \u2013argumenta\u2013 ocurre igual: se dice que la mayor\u00eda solo quiere vivir en paz, pero los fan\u00e1ticos son los que van dominando y provocando guerras, los que masacran a cristianos, los que ponen bombas, los que decapitan y deg\u00fcellan&#8230; Fan\u00e1ticos los que difunden la lapidaci\u00f3n y la horca para las v\u00edctimas de violaci\u00f3n y los homosexuales, los que ense\u00f1an a sus j\u00f3venes a matar y a convertirse en terroristas suicidas&#8230; El relato incluye miradas igualmente descre\u00eddas a los ciudadanos que s\u00f3lo quer\u00edan vivir en paz en la Rusia y en la China comunistas, en el Jap\u00f3n anterior a la II Guerra Mundial o en la Ruanda de hace pocos a\u00f1os, pero cuyo silencio los convirti\u00f3 en irrelevantes ante las acciones fan\u00e1ticas de quienes acabaron causando carnicer\u00edas de millones y millones de seres humanos. Cuando quisieron reaccionar ya era tarde.<br \/>\nQuienes primero tienen que oponerse a los fanatismos son los miembros de la propia comunidad a la que pertenecen los fan\u00e1ticos. No caben el silencio o la omisi\u00f3n. Y menos a\u00fan cuando la intolerancia, la exaltaci\u00f3n, van acompa\u00f1adas de violencia f\u00edsica. Contra el delito, la ley.  Algunos, como es sabido, no aplican contra el delito la ley, sino el ojo por ojo y diente por diente. Y as\u00ed es imposible abandonar el c\u00edrculo vicioso de la violencia. Gente que ignora la sabia sentencia de Lanza del Vasto: \u00abNing\u00fan conflicto se resuelve con la violencia porque la violencia es el conflicto mismo\u00bb.<br \/>\nYo creo que Occidente no puede dar un paso atr\u00e1s y renunciar a un derecho tan esencial como la libertad de expresi\u00f3n. No digamos el derecho fundamental a la vida; lo contrario equivaldr\u00eda a callar, a bajar la cabeza ante los fan\u00e1ticos. Pero tampoco debe alimentar \u2018gratuitamente\u2019, salt\u00e1ndose otros derechos, los nidos de las serpientes.   <\/p>\n<!-- AddThis Advanced Settings generic via filter on the_content --><!-- AddThis Share Buttons generic via filter on the_content -->","protected":false},"excerpt":{"rendered":"<p>Los problemas complejos suelen exigir soluciones complejas. Supongo que por eso a\u00fan no se comercializa el motor de agua ni la gente tiene excesiva fe en los crecepelos&#8230; Salvo el famoso nudo gordiano \u2013que cort\u00f3 Alejandro Magno con la espada\u2013 los problemas antiguos y complejos de la sociedad se desanudan con algo m\u00e1s que f\u00f3rmulas [&hellip;]<!-- AddThis Advanced Settings generic via filter on get_the_excerpt --><!-- AddThis Share Buttons generic via filter on get_the_excerpt --><\/p>\n","protected":false},"author":13,"featured_media":0,"comment_status":"open","ping_status":"closed","sticky":false,"template":"","format":"standard","meta":[],"categories":[1],"tags":[319,324,467,642,752,755,926,1250,1340],"_links":{"self":[{"href":"https:\/\/blogs.hoy.es\/Juandomingofernandez\/wp-json\/wp\/v2\/posts\/506"}],"collection":[{"href":"https:\/\/blogs.hoy.es\/Juandomingofernandez\/wp-json\/wp\/v2\/posts"}],"about":[{"href":"https:\/\/blogs.hoy.es\/Juandomingofernandez\/wp-json\/wp\/v2\/types\/post"}],"author":[{"embeddable":true,"href":"https:\/\/blogs.hoy.es\/Juandomingofernandez\/wp-json\/wp\/v2\/users\/13"}],"replies":[{"embeddable":true,"href":"https:\/\/blogs.hoy.es\/Juandomingofernandez\/wp-json\/wp\/v2\/comments?post=506"}],"version-history":[{"count":0,"href":"https:\/\/blogs.hoy.es\/Juandomingofernandez\/wp-json\/wp\/v2\/posts\/506\/revisions"}],"wp:attachment":[{"href":"https:\/\/blogs.hoy.es\/Juandomingofernandez\/wp-json\/wp\/v2\/media?parent=506"}],"wp:term":[{"taxonomy":"category","embeddable":true,"href":"https:\/\/blogs.hoy.es\/Juandomingofernandez\/wp-json\/wp\/v2\/categories?post=506"},{"taxonomy":"post_tag","embeddable":true,"href":"https:\/\/blogs.hoy.es\/Juandomingofernandez\/wp-json\/wp\/v2\/tags?post=506"}],"curies":[{"name":"wp","href":"https:\/\/api.w.org\/{rel}","templated":true}]}}