{"id":507,"date":"2015-01-23T13:08:34","date_gmt":"2015-01-23T12:08:34","guid":{"rendered":"http:\/\/blogs.hoy.es\/Juandomingofernandez\/?p=507"},"modified":"2015-01-23T13:08:34","modified_gmt":"2015-01-23T12:08:34","slug":"frases-para-el-marmol","status":"publish","type":"post","link":"https:\/\/blogs.hoy.es\/Juandomingofernandez\/2015\/01\/23\/frases-para-el-marmol\/","title":{"rendered":"Frases para el m\u00e1rmol"},"content":{"rendered":"<p>Durante muchos meses yo visit\u00e9 a un familiar ingresado en el Hospital Ram\u00f3n y Cajal de Madrid (entonces conocido popularmente como \u2018El Piramid\u00f3n\u2019) y le\u00ed la frase del genial cient\u00edfico espa\u00f1ol que corona el vest\u00edbulo principal: \u00abTodo hombre puede ser, si se lo propone, escultor de su propio cerebro\u00bb. Me encanta la idea. Memoric\u00e9 esa frase igual que se memorizan los versos en la adolescencia o esos lemas y pintadas que sin saber bien por qu\u00e9 se resisten a escurrirse por el sumidero del olvido. Durante mucho tiempo encontr\u00e9 tambi\u00e9n en la estaci\u00f3n de Metro que deb\u00eda tomar para acudir a la Facultad de Periodismo la pintada que sigue: \u00ab\u00a1Libertad para mi padre, 40 a\u00f1os en una f\u00e1brica!\u00bb, y debajo, solo la cl\u00e1sica A may\u00fascula rodeada de un c\u00edrculo con que firmaban sus pintadas por entonces los entusiastas de la acracia, el personal anarquista.<br \/>\nMientras la pintada del Metro era \u00fanicamente una pirueta reivindicativa e ir\u00f3nica,  propia de aquella Espa\u00f1a que empezaba a desperezarse de la larga dictadura y se adentraba por la transici\u00f3n pol\u00edtica a la democracia, la frase de don Santiago Ram\u00f3n y Cajal me parec\u00eda entonces y me sigue pareciendo ahora un mantra de valor permanente, una verdad no perecedera.<br \/>\n\u00abTodo hombre puede ser, si se lo propone, escultor de su propio cerebro\u00bb. \u00bfQu\u00e9 mejor invitaci\u00f3n a superarse de forma constante? \u00bfQu\u00e9 mejor remedio contra el derrotismo? \u00bfQu\u00e9 mejor consejo para afrontar por uno mismo el envidiable trabajo de formarse y cultivar las parcelas de saber? Esas trece palabras me parecen luz contra la sombra de la pereza, contra el des\u00e1nimo y los desaf\u00edos de la vida cotidiana. Recordarlas probablemente no sirve para transportarnos de manera autom\u00e1tica a un mundo mejor, pero s\u00ed para balizarnos el camino y hacernos menos ignorantes.<br \/>\nEn la sociedad de \u2018cultura mosaico\u2019 que nos ha tocado vivir, donde nos \u2018bombardean\u2019 a diario miles de mensajes en miles de soportes y plataformas \u2013desde el universo de los medios de comunicaci\u00f3n de masas hasta el universo de la publicidad, pasando por el \u2018aleph\u2019 de las redes sociales\u2013, a m\u00ed me gustar\u00eda toparme m\u00e1s a menudo con frases como la de Ram\u00f3n y Cajal. Juicios que equivalen a una rosa en el desierto.<br \/>\nSi estuviera en mi mano exigir\u00eda que en los futuros edificios p\u00fablicos se colocase en lugar destacado la frase de alg\u00fan autor relevante en vez de la consabida plaquita de la autoridad encargada de su inauguraci\u00f3n. Para esos, bien servidos ir\u00edan con la cortinilla y la foto propagand\u00edstica. Porque a la posteridad le sientan mucho mejor los pensamientos l\u00facidos que las placas protocolarias. Mejor patrocinar la sabidur\u00eda que la vanidad o los oropeles. Entre otras cosas porque la frase del sabio le pertenece a \u00e9l, mientras que en las placas oficiales suele registrarse el nombre de los responsables pol\u00edticos a pesar de que quienes sufragan las obras no son ellos sino nosotros, los contribuyentes. As\u00ed que a partir de ahora, mejor ir acopiando antolog\u00edas de reflexiones dignas del m\u00e1rmol antes que las agendas de altos cargos y su previsi\u00f3n de inauguraciones.        <\/p>\n<!-- AddThis Advanced Settings generic via filter on the_content --><!-- AddThis Share Buttons generic via filter on the_content -->","protected":false},"excerpt":{"rendered":"<p>Durante muchos meses yo visit\u00e9 a un familiar ingresado en el Hospital Ram\u00f3n y Cajal de Madrid (entonces conocido popularmente como \u2018El Piramid\u00f3n\u2019) y le\u00ed la frase del genial cient\u00edfico espa\u00f1ol que corona el vest\u00edbulo principal: \u00abTodo hombre puede ser, si se lo propone, escultor de su propio cerebro\u00bb. Me encanta la idea. Memoric\u00e9 esa [&hellip;]<!-- AddThis Advanced Settings generic via filter on get_the_excerpt --><!-- AddThis Share Buttons generic via filter on get_the_excerpt --><\/p>\n","protected":false},"author":13,"featured_media":0,"comment_status":"open","ping_status":"closed","sticky":false,"template":"","format":"standard","meta":[],"categories":[1],"tags":[308,422,1015,1086,1141,1152,1311],"_links":{"self":[{"href":"https:\/\/blogs.hoy.es\/Juandomingofernandez\/wp-json\/wp\/v2\/posts\/507"}],"collection":[{"href":"https:\/\/blogs.hoy.es\/Juandomingofernandez\/wp-json\/wp\/v2\/posts"}],"about":[{"href":"https:\/\/blogs.hoy.es\/Juandomingofernandez\/wp-json\/wp\/v2\/types\/post"}],"author":[{"embeddable":true,"href":"https:\/\/blogs.hoy.es\/Juandomingofernandez\/wp-json\/wp\/v2\/users\/13"}],"replies":[{"embeddable":true,"href":"https:\/\/blogs.hoy.es\/Juandomingofernandez\/wp-json\/wp\/v2\/comments?post=507"}],"version-history":[{"count":0,"href":"https:\/\/blogs.hoy.es\/Juandomingofernandez\/wp-json\/wp\/v2\/posts\/507\/revisions"}],"wp:attachment":[{"href":"https:\/\/blogs.hoy.es\/Juandomingofernandez\/wp-json\/wp\/v2\/media?parent=507"}],"wp:term":[{"taxonomy":"category","embeddable":true,"href":"https:\/\/blogs.hoy.es\/Juandomingofernandez\/wp-json\/wp\/v2\/categories?post=507"},{"taxonomy":"post_tag","embeddable":true,"href":"https:\/\/blogs.hoy.es\/Juandomingofernandez\/wp-json\/wp\/v2\/tags?post=507"}],"curies":[{"name":"wp","href":"https:\/\/api.w.org\/{rel}","templated":true}]}}