{"id":508,"date":"2015-01-30T20:22:49","date_gmt":"2015-01-30T19:22:49","guid":{"rendered":"http:\/\/blogs.hoy.es\/Juandomingofernandez\/?p=508"},"modified":"2015-01-30T20:22:49","modified_gmt":"2015-01-30T19:22:49","slug":"buenas-noticias","status":"publish","type":"post","link":"https:\/\/blogs.hoy.es\/Juandomingofernandez\/2015\/01\/30\/buenas-noticias\/","title":{"rendered":"Buenas noticias"},"content":{"rendered":"<p>Supongo que casi todos hemos o\u00eddo m\u00e1s de una vez el famoso axioma \u00ablas buenas noticias no son noticia\u00bb. Y tambi\u00e9n el caso de un peri\u00f3dico que se propuso informar \u00fanicamente de noticias buenas y tuvo que cerrar al poco tiempo. Sin embargo, no es verdad. En Internet abundan los sitios web solo con informaciones \u2018positivas\u2019 que hacen de dicha selecci\u00f3n su principal se\u00f1a de identidad. Muchos peri\u00f3dicos en diversos pa\u00edses dedican considerable espacio a lo que podr\u00eda denominarse \u2018buenas noticias\u2019. Me consta que los periodistas profesionales somos los primeros interesados en facilitarlas a los lectores. Dos ejemplos recientes ilustran bien lo que digo. En primer lugar, la visita al Papa del placentino Diego Neria tras la \u2018reasignaci\u00f3n de g\u00e9nero\u2019 que ha marcado su vida. En segundo lugar, el \u00e9xito cient\u00edfico del cirujano extreme\u00f1o Javier Bueno Recio, natural de Villar del Rey (Badajoz) con la operaci\u00f3n pionera en el mundo realizada en el Hospital Vall d\u2019Hebr\u00f3n de Barcelona para alargar el duodeno a un ni\u00f1o de siete a\u00f1os que de esta manera comer\u00e1 por vez primera en su vida  de forma aut\u00f3noma y no a trav\u00e9s de una v\u00eda intravenosa. Casi un milagro.<br \/>\nEn la noticia de Diego Neria, adelantada por HOY y con repercusi\u00f3n mundial, el lector descubre la culminaci\u00f3n satisfactoria, emotiva, liberadora, a la existencia de un extreme\u00f1o llena de sufrimiento y contradicciones dram\u00e1ticas. Una historia de silencios, de renuncias, de ocultaciones&#8230; Digamos que en ese abrazo del Papa a quien le pregunta sencillamente si no hay en la Iglesia un lugar para \u00e9l reconocemos la recompensa a la persona que sufre. El valor de la empat\u00eda. La fuerza del consuelo.<br \/>\nA la vista de la noticia sobre el doctor Javier Bueno, son los propios lectores los que reclaman en sus comentarios m\u00e1s informaciones de este cariz al tiempo que muestran el orgullo de que un extreme\u00f1o formado en la Facultad de Medicina de la Universidad de Extremadura consolide una trayectoria profesional y cient\u00edfica tan brillante. Tambi\u00e9n la empat\u00eda con el que se esfuerza y triunfa. La carrera del doctor Javier Bueno Recio es un s\u00edmbolo, un est\u00edmulo a la esperanza. La prueba de que el esfuerzo y el talento conducen al \u00e9xito, aunque para ello sea preciso abandonar la tierra de origen.<br \/>\nOjal\u00e1 pudieran darse diariamente otras muchas noticias as\u00ed. Ocurre sin embargo que al periodista no le corresponde ponerse las gafas de color rosa para verlo \u2018todo bonito\u2019 o para silenciar la cruda realidad. Qu\u00e9 diferencia el de los dos ejemplos citados con esas informaciones en las que \u00fanicamente prima la propaganda o el inter\u00e9s sectario de quien las protagoniza. Por eso en estos tiempos de amarillismo sensacionalista y de miradas venales tan repetidas resulta imprescindible el criterio de un periodismo riguroso, profesional, comprometido con la verdad. De un periodismo que no eluda las \u2018buenas noticias\u2019 pero que no se dedique tampoco a maquillar mensajes de encargo o a mirar para otro lado cuando la realidad reclama alzar la voz y no renunciar a la palabra.<br \/>\nClaro que las buenas noticias son noticia. Y necesarias. Hoy m\u00e1s que nunca. <\/p>\n<!-- AddThis Advanced Settings generic via filter on the_content --><!-- AddThis Share Buttons generic via filter on the_content -->","protected":false},"excerpt":{"rendered":"<p>Supongo que casi todos hemos o\u00eddo m\u00e1s de una vez el famoso axioma \u00ablas buenas noticias no son noticia\u00bb. Y tambi\u00e9n el caso de un peri\u00f3dico que se propuso informar \u00fanicamente de noticias buenas y tuvo que cerrar al poco tiempo. Sin embargo, no es verdad. En Internet abundan los sitios web solo con informaciones [&hellip;]<!-- AddThis Advanced Settings generic via filter on get_the_excerpt --><!-- AddThis Share Buttons generic via filter on get_the_excerpt --><\/p>\n","protected":false},"author":13,"featured_media":0,"comment_status":"open","ping_status":"closed","sticky":false,"template":"","format":"standard","meta":[],"categories":[1],"tags":[345,451,456,660,987],"_links":{"self":[{"href":"https:\/\/blogs.hoy.es\/Juandomingofernandez\/wp-json\/wp\/v2\/posts\/508"}],"collection":[{"href":"https:\/\/blogs.hoy.es\/Juandomingofernandez\/wp-json\/wp\/v2\/posts"}],"about":[{"href":"https:\/\/blogs.hoy.es\/Juandomingofernandez\/wp-json\/wp\/v2\/types\/post"}],"author":[{"embeddable":true,"href":"https:\/\/blogs.hoy.es\/Juandomingofernandez\/wp-json\/wp\/v2\/users\/13"}],"replies":[{"embeddable":true,"href":"https:\/\/blogs.hoy.es\/Juandomingofernandez\/wp-json\/wp\/v2\/comments?post=508"}],"version-history":[{"count":0,"href":"https:\/\/blogs.hoy.es\/Juandomingofernandez\/wp-json\/wp\/v2\/posts\/508\/revisions"}],"wp:attachment":[{"href":"https:\/\/blogs.hoy.es\/Juandomingofernandez\/wp-json\/wp\/v2\/media?parent=508"}],"wp:term":[{"taxonomy":"category","embeddable":true,"href":"https:\/\/blogs.hoy.es\/Juandomingofernandez\/wp-json\/wp\/v2\/categories?post=508"},{"taxonomy":"post_tag","embeddable":true,"href":"https:\/\/blogs.hoy.es\/Juandomingofernandez\/wp-json\/wp\/v2\/tags?post=508"}],"curies":[{"name":"wp","href":"https:\/\/api.w.org\/{rel}","templated":true}]}}