{"id":509,"date":"2015-02-06T14:24:19","date_gmt":"2015-02-06T13:24:19","guid":{"rendered":"http:\/\/blogs.hoy.es\/Juandomingofernandez\/?p=509"},"modified":"2015-02-06T14:24:19","modified_gmt":"2015-02-06T13:24:19","slug":"a-pico-y-pala","status":"publish","type":"post","link":"https:\/\/blogs.hoy.es\/Juandomingofernandez\/2015\/02\/06\/a-pico-y-pala\/","title":{"rendered":"A pico y pala"},"content":{"rendered":"<p>Cuenta el periodista Mart\u00edn Prieto que siempre admir\u00f3 a Carlos Luis \u00c1lvarez, \u2018C\u00e1ndido\u2019, desde que de joven ley\u00f3 un art\u00edculo en que solo relataba sus reflexiones viendo desde una ventana a tres hombres echando arena a un cami\u00f3n. \u00abEra un folio, pero para escribir aquello era requisito previo haber le\u00eddo a Heidegger\u00bb. Yo tengo ahora delante aquel art\u00edculo. \u2018C\u00e1ndido\u2019 se vale de una imagen tan en apariencia intrascendente para descubrir el sentido de las cosas y del mundo&#8230; Su importancia real o ficticia. Enseguida nos recuerda que Bertold Brecht pregunta en una de sus canciones: \u00abLa noche en que fue terminada la muralla china, \u00bfa d\u00f3nde fueron los alba\u00f1iles\u00bb, y concluye que esto no se sabr\u00e1. \u00abPero yo quiero ver\u00bb prosigue \u2018C\u00e1ndido\u2019, \u00ablo que hacen estos tres hombres que echan arena en un cami\u00f3n. Primeramente, \u00bfpara qu\u00e9 echan arena en un cami\u00f3n? \u00bfQui\u00e9n les dijo que la echaran. La arena \u00bfes suya? El cami\u00f3n \u00bfes suyo? Las palas \u00bfson suyas?\u00bb.<br \/>\nCedazos para discernir lo elemental de lo relevante. Con los gui\u00f1os del humor: \u00abLos bizantinos discutieron largamente la posibilidad de que los \u00e1ngeles tuviesen tres alas en vez de dos\u00bb. O sea, no solo un art\u00edculo de prensa sino incursi\u00f3n en el universo de la l\u00f3gica para satisfacer al que \u00e9l define como el instinto m\u00e1s fuerte del hombre: \u00ab\u2019logificar\u2019 el universo\u00bb, porque \u00abtodas las personas que han pasado por la calle han visto a estos tres hombres echando arena en un cami\u00f3n. Han alcanzado la certidumbre del hecho, pero, \u00bfhan alcanzado la certidumbre de sus causas?\u00bb.<br \/>\nRecurro a esta prolija introducci\u00f3n porque yo creo que a todos nos interesan los procesos de \u2018logificaci\u00f3n\u2019 que dec\u00eda \u2018C\u00e1ndido\u2019 y encontrar el sentido \u00faltimo de algunas escenas. Lo que ocurre es que no todos disponemos de su capacidad anal\u00edtica. Ni siempre reaccionamos igual. Por fortuna.<br \/>\nYo recuerdo que en m\u00e1s de una ocasi\u00f3n, paseando con el inefable fot\u00f3grafo Fernando Garc\u00eda M\u00fa\u00f1ez \u2013M\u00fa\u00f1ez, sin m\u00e1s, en miles de p\u00e1ginas de HOY\u2013 cuando se topaba con alg\u00fan obrero abriendo a pico y a pala una zanja en cualquier calle de C\u00e1ceres sol\u00eda se\u00f1alar esas dos herramientas y comentaba socarr\u00f3n: \u00abMira qu\u00e9 \u2018bol\u00edgrafos\u2019, seguro que si los dejan ah\u00ed, no se los lleva nadie\u00bb. La iron\u00eda del escepticismo.<br \/>\nA \u2018C\u00e1ndido\u2019 la visi\u00f3n de aquellos tres hombres echando arena al cami\u00f3n le sirvi\u00f3 para un elegante y divertido ejercicio reflexivo que est\u00e1 ya en la historia del periodismo.  Al maestro M\u00fa\u00f1ez la visi\u00f3n de la obra le condujo a una \u2018logificaci\u00f3n\u2019 m\u00e1s prosaica, si queremos decirlo as\u00ed, pero acaso tan l\u00facida y acertada como la de Carlos Luis \u00c1lvarez.<br \/>\nA diario \u2013aun sin darnos cuenta\u2013 reflexionamos sobre escenas tan aparentemente insustanciales como la de los tres obreros echando arena a un cami\u00f3n. Yo creo que lo arriesgado es no concluir de forma correcta esa \u2018logificaci\u00f3n\u2019 a la que alud\u00eda \u2018C\u00e1ndido\u2019 y no saber qu\u00e9 relaci\u00f3n con nuestro destino guarda el trabajo de los tres obreros; o dicho de otro modo, por qu\u00e9 son ellos los que echan arena a un cami\u00f3n y no yo. Parece una broma. Pero reflexionen. Y miren alrededor. Incluso a la realidad pol\u00edtica. <\/p>\n<!-- AddThis Advanced Settings generic via filter on the_content --><!-- AddThis Share Buttons generic via filter on the_content -->","protected":false},"excerpt":{"rendered":"<p>Cuenta el periodista Mart\u00edn Prieto que siempre admir\u00f3 a Carlos Luis \u00c1lvarez, \u2018C\u00e1ndido\u2019, desde que de joven ley\u00f3 un art\u00edculo en que solo relataba sus reflexiones viendo desde una ventana a tres hombres echando arena a un cami\u00f3n. \u00abEra un folio, pero para escribir aquello era requisito previo haber le\u00eddo a Heidegger\u00bb. Yo tengo ahora [&hellip;]<!-- AddThis Advanced Settings generic via filter on get_the_excerpt --><!-- AddThis Share Buttons generic via filter on get_the_excerpt --><\/p>\n","protected":false},"author":13,"featured_media":0,"comment_status":"open","ping_status":"closed","sticky":false,"template":"","format":"standard","meta":[],"categories":[1],"tags":[26,198,301,479,692,987],"_links":{"self":[{"href":"https:\/\/blogs.hoy.es\/Juandomingofernandez\/wp-json\/wp\/v2\/posts\/509"}],"collection":[{"href":"https:\/\/blogs.hoy.es\/Juandomingofernandez\/wp-json\/wp\/v2\/posts"}],"about":[{"href":"https:\/\/blogs.hoy.es\/Juandomingofernandez\/wp-json\/wp\/v2\/types\/post"}],"author":[{"embeddable":true,"href":"https:\/\/blogs.hoy.es\/Juandomingofernandez\/wp-json\/wp\/v2\/users\/13"}],"replies":[{"embeddable":true,"href":"https:\/\/blogs.hoy.es\/Juandomingofernandez\/wp-json\/wp\/v2\/comments?post=509"}],"version-history":[{"count":0,"href":"https:\/\/blogs.hoy.es\/Juandomingofernandez\/wp-json\/wp\/v2\/posts\/509\/revisions"}],"wp:attachment":[{"href":"https:\/\/blogs.hoy.es\/Juandomingofernandez\/wp-json\/wp\/v2\/media?parent=509"}],"wp:term":[{"taxonomy":"category","embeddable":true,"href":"https:\/\/blogs.hoy.es\/Juandomingofernandez\/wp-json\/wp\/v2\/categories?post=509"},{"taxonomy":"post_tag","embeddable":true,"href":"https:\/\/blogs.hoy.es\/Juandomingofernandez\/wp-json\/wp\/v2\/tags?post=509"}],"curies":[{"name":"wp","href":"https:\/\/api.w.org\/{rel}","templated":true}]}}