{"id":518,"date":"2015-03-13T22:23:33","date_gmt":"2015-03-13T21:23:33","guid":{"rendered":"http:\/\/blogs.hoy.es\/Juandomingofernandez\/?p=518"},"modified":"2015-03-13T22:23:33","modified_gmt":"2015-03-13T21:23:33","slug":"el-tunel-del-tiempo","status":"publish","type":"post","link":"https:\/\/blogs.hoy.es\/Juandomingofernandez\/2015\/03\/13\/el-tunel-del-tiempo\/","title":{"rendered":"El t\u00fanel del tiempo"},"content":{"rendered":"<p>La vida sin recuerdos ser\u00eda inconcebible. Literalmente una p\u00e1gina en blanco, un \u00e1lbum de fotos vac\u00edo. La filosof\u00eda, la literatura, las artes en general son un buen remedio contra el discurrir implacable del tiempo. En la historia, la popularizaci\u00f3n de la fotograf\u00eda representa un instrumento extraordinario para que la memoria familiar \u2013siempre la m\u00e1s cercana y la m\u00e1s \u00edntima\u2013 se convierta en patrimonio sentimental de alt\u00edsimo valor. De manera especial en nuestra \u00e9poca, inmersos en la sociedad de la imagen y donde en cualquier hogar se multiplican las fotograf\u00edas, los v\u00eddeos y otros archivos anal\u00f3gicos y digitales. Ah\u00ed quer\u00eda llegar yo.<br \/>\nLos expertos nos previenen sobre la fragilidad de los soportes utilizados para almacenar fotos, documentos, m\u00fasica, v\u00eddeos&#8230; Recuerdos. Un reportaje publicado en estas mismas p\u00e1ginas nos avisa del riesgo: grabar im\u00e1genes y textos en ced\u00e9s o discos duros no los convierte en eternos. Ni siquiera guardarlos en la nube. \u00bfQui\u00e9n no olvid\u00f3 alg\u00fan \u2018archivo\u2019 en sistemas o soportes ya obsoletos? Ante los avances en almacenamiento y grabaci\u00f3n, el consejo de los expertos es clar\u00edsimo: hacer cuantas m\u00e1s copias mejor y en cada nuevo sistema que vaya surgiendo.<br \/>\nHasta ah\u00ed los retos t\u00e9cnicos. Pero a m\u00ed me inquieta sobre todo el fondo del asunto. Creo que convivimos con tal cantidad de im\u00e1genes que el hombre de nuestra \u00e9poca puede prescindir de bastantes de ellas porque son en esencia intrascendentes, pura banalidad. Lo m\u00e1s probable no es que puedas prescindir de ellas sino que debes hacerlo para impedir que colapse tu capacidad de absorci\u00f3n. \u00bfQui\u00e9n no limpia cada equis tiempo las incontables chorradas que recibe por wasaps, los correos basura que colmatar\u00edan tu cuenta o las tarjetas de la c\u00e1mara fotogr\u00e1fica? No me refiero a todos los archivos anal\u00f3gicos o digitales. A m\u00ed las im\u00e1genes y testimonios que de verdad me preocupa que se pierdan en el tiempo \u00abcomo l\u00e1grimas en la lluvia\u00bb son las fotos o los v\u00eddeos que cuentan el para\u00edso de la infancia, los juegos de la ni\u00f1ez, las peripecias de la juventud, las pasiones y desvelos y alegr\u00edas de la vida; de esa cadena que es el d\u00eda a d\u00eda y que todos de una manera o de otra resumimos en las colecciones de im\u00e1genes y documentos que pueblan los \u00e1lbumes. Im\u00e1genes palpables, f\u00edsicas, que poseen ahora la misma consistencia que el souvenir de aquel viaje inolvidable o del cuaderno donde escribiste aquella extensa y definitiva declaraci\u00f3n de amor. Son los recuerdos que temer\u00eda perder, los que me doler\u00eda que se desvanecieran.<br \/>\nSi lo que no se dice no existe, tampoco si desaparece la m\u00fasica callada de las im\u00e1genes. La memoria es muy tramposa. Yo creo que a veces tiene que ser reprendida por la veracidad de la imagen. Nada mejor que un viejo \u00e1lbum de fotos para devolvernos la precisi\u00f3n de la verdad, aunque sea una verdad  inm\u00f3vil, como la del insecto apresado en una gota de \u00e1mbar de hace millones de a\u00f1os. Dice el alem\u00e1n Richter que los recuerdos son el \u00fanico para\u00edso del que no podemos  ser expulsados. Cuidemos el \u00e1lbum de fotos. No dejemos que nos tergiversen los recuerdos ni que nos expropien la memoria.<\/p>\n<!-- AddThis Advanced Settings generic via filter on the_content --><!-- AddThis Share Buttons generic via filter on the_content -->","protected":false},"excerpt":{"rendered":"<p>La vida sin recuerdos ser\u00eda inconcebible. Literalmente una p\u00e1gina en blanco, un \u00e1lbum de fotos vac\u00edo. La filosof\u00eda, la literatura, las artes en general son un buen remedio contra el discurrir implacable del tiempo. En la historia, la popularizaci\u00f3n de la fotograf\u00eda representa un instrumento extraordinario para que la memoria familiar \u2013siempre la m\u00e1s cercana [&hellip;]<!-- AddThis Advanced Settings generic via filter on get_the_excerpt --><!-- AddThis Share Buttons generic via filter on get_the_excerpt --><\/p>\n","protected":false},"author":13,"featured_media":0,"comment_status":"open","ping_status":"closed","sticky":false,"template":"","format":"standard","meta":[],"categories":[1],"tags":[97,497,829,1086,1111,1336],"_links":{"self":[{"href":"https:\/\/blogs.hoy.es\/Juandomingofernandez\/wp-json\/wp\/v2\/posts\/518"}],"collection":[{"href":"https:\/\/blogs.hoy.es\/Juandomingofernandez\/wp-json\/wp\/v2\/posts"}],"about":[{"href":"https:\/\/blogs.hoy.es\/Juandomingofernandez\/wp-json\/wp\/v2\/types\/post"}],"author":[{"embeddable":true,"href":"https:\/\/blogs.hoy.es\/Juandomingofernandez\/wp-json\/wp\/v2\/users\/13"}],"replies":[{"embeddable":true,"href":"https:\/\/blogs.hoy.es\/Juandomingofernandez\/wp-json\/wp\/v2\/comments?post=518"}],"version-history":[{"count":0,"href":"https:\/\/blogs.hoy.es\/Juandomingofernandez\/wp-json\/wp\/v2\/posts\/518\/revisions"}],"wp:attachment":[{"href":"https:\/\/blogs.hoy.es\/Juandomingofernandez\/wp-json\/wp\/v2\/media?parent=518"}],"wp:term":[{"taxonomy":"category","embeddable":true,"href":"https:\/\/blogs.hoy.es\/Juandomingofernandez\/wp-json\/wp\/v2\/categories?post=518"},{"taxonomy":"post_tag","embeddable":true,"href":"https:\/\/blogs.hoy.es\/Juandomingofernandez\/wp-json\/wp\/v2\/tags?post=518"}],"curies":[{"name":"wp","href":"https:\/\/api.w.org\/{rel}","templated":true}]}}