{"id":519,"date":"2015-03-20T18:22:03","date_gmt":"2015-03-20T17:22:03","guid":{"rendered":"http:\/\/blogs.hoy.es\/Juandomingofernandez\/?p=519"},"modified":"2015-03-20T18:22:03","modified_gmt":"2015-03-20T17:22:03","slug":"descredito-de-la-vejez","status":"publish","type":"post","link":"https:\/\/blogs.hoy.es\/Juandomingofernandez\/2015\/03\/20\/descredito-de-la-vejez\/","title":{"rendered":"Descr\u00e9dito de la vejez"},"content":{"rendered":"<p>Me escribe un buen lector de HOY alarmado por lo que podr\u00eda titularse el descr\u00e9dito de la vejez. \u00abTengo ya una edad elevada. Paso de los 70 y estoy bien a Dios gracias dentro de un orden. El paso de los a\u00f1os, sus alegr\u00edas y fracasos han sido amables hasta ahora. No excesivamente dram\u00e1ticos. Me lamento a diario de la invisibilidad de las personas mayores, o si se quiere de los ancianos. No en el sentido de herir sus sentimientos por ser olvidados, despreciados o ignorados. Que tambi\u00e9n. Me refiero a la invisibilidad f\u00edsica. No nos ven, aunque estemos a pocos cent\u00edmetros. Le podr\u00eda poner m\u00faltiples ejemplos comprobado casi a diario. Es sorprendente. Incluido gentes pr\u00f3ximas. Es un gesto instintivo ante un desecho social y humano. Creo. Sin embargo a m\u00ed no me disgusta, casi lo agradezco, por razones de una vida pasada muy activa\u00bb.<br \/>\nEste buen lector \u2013con una brillante y fecunda carrera profesional detr\u00e1s\u2013 se lamenta tambi\u00e9n de la \u00absistem\u00e1tica y subliminal campa\u00f1a de la DGT desde hace unos meses\u00bb, seg\u00fan la cual habr\u00eda que colegir que \u00ablos ancianos circulan mal, son causas de accidentes y uno de cada 4 muertos es un \u2018viejo\u2019\u00bb. En su carta, el esc\u00e1ndalo se incrementa ante el testimonio de un joven al que acercan el micr\u00f3fono en una entrevista televisiva en plena calle: A los 65 hay que retirarles el carnet, son un obst\u00e1culo, van lentos. Hay que revisarlos cada a\u00f1o. Que hagan un cursillo. Mi amigo lector considera tales opiniones juicios \u00abhirientes\u00bb, sin mucho sentido. Descalificaciones tajantes que suscitar\u00edan, si se aplicaran, graves problemas familiares y contribuir\u00edan en cualquier caso al aislamiento social del anciano.<br \/>\nDec\u00eda Rousseau que la juventud es el momento de estudiar la sabidur\u00eda; la vejez, el de practicarla. Sin embargo, vamos camino de convertir a los ancianos \u2013a los viejos, como prefieren llamarse muchos de ellos, obviando eufemismos\u2013 en piezas de usar y tirar. No es que yo defienda la gerontocracia para una sociedad moderna, din\u00e1mica, pero tampoco podemos desembocar en la sociedad que Jack London describe en su cuento \u2018Ley de vida\u2019, donde el viejo esquimal Koskoosh, casi ciego aunque con buen o\u00eddo a\u00fan, sabe que constituye una carga para el resto de la tribu y que le van a abandonar junto a una peque\u00f1a hoguera porque es \u00abla ley de la vida\u00bb. Koskoosh se consuela al ver que su hijo, que ahora es el jefe de la tribu, se ha parado a despedirse de \u00e9l, cosa que otros no hicieron con los suyos cuando \u00e9l era joven. Y en el trance se consuela recordando tiempos mejores antes de que el fr\u00edo polar le entumezcan los pies y las manos y antes tambi\u00e9n de que le cerquen los lobos&#8230; Koskoosh se repite una y otra vez la misma frase: \u00abes la ley de la vida\u00bb. Un hombre desvalido que acepta su destino pero que tiembla y se permite la debilidad de abrirle un resquicio a la esperanza: (\u00ab\u00bfY si vuelven a por m\u00ed?\u00bb). Es tan humano. Y tan inhumano. Habr\u00e1 quien piense que historias como esa de Jack London solo ocurren en la literatura o en sociedades de costumbres muy alejadas de nosotros. Yo tambi\u00e9n lo cre\u00eda, pero la carta de mi amigo lector me ha hecho dudar. Seriamente.<\/p>\n<!-- AddThis Advanced Settings generic via filter on the_content --><!-- AddThis Share Buttons generic via filter on the_content -->","protected":false},"excerpt":{"rendered":"<p>Me escribe un buen lector de HOY alarmado por lo que podr\u00eda titularse el descr\u00e9dito de la vejez. \u00abTengo ya una edad elevada. Paso de los 70 y estoy bien a Dios gracias dentro de un orden. El paso de los a\u00f1os, sus alegr\u00edas y fracasos han sido amables hasta ahora. No excesivamente dram\u00e1ticos. Me [&hellip;]<!-- AddThis Advanced Settings generic via filter on get_the_excerpt --><!-- AddThis Share Buttons generic via filter on get_the_excerpt --><\/p>\n","protected":false},"author":13,"featured_media":0,"comment_status":"open","ping_status":"closed","sticky":false,"template":"","format":"standard","meta":[],"categories":[1],"tags":[592,646,654,1134,1316],"_links":{"self":[{"href":"https:\/\/blogs.hoy.es\/Juandomingofernandez\/wp-json\/wp\/v2\/posts\/519"}],"collection":[{"href":"https:\/\/blogs.hoy.es\/Juandomingofernandez\/wp-json\/wp\/v2\/posts"}],"about":[{"href":"https:\/\/blogs.hoy.es\/Juandomingofernandez\/wp-json\/wp\/v2\/types\/post"}],"author":[{"embeddable":true,"href":"https:\/\/blogs.hoy.es\/Juandomingofernandez\/wp-json\/wp\/v2\/users\/13"}],"replies":[{"embeddable":true,"href":"https:\/\/blogs.hoy.es\/Juandomingofernandez\/wp-json\/wp\/v2\/comments?post=519"}],"version-history":[{"count":0,"href":"https:\/\/blogs.hoy.es\/Juandomingofernandez\/wp-json\/wp\/v2\/posts\/519\/revisions"}],"wp:attachment":[{"href":"https:\/\/blogs.hoy.es\/Juandomingofernandez\/wp-json\/wp\/v2\/media?parent=519"}],"wp:term":[{"taxonomy":"category","embeddable":true,"href":"https:\/\/blogs.hoy.es\/Juandomingofernandez\/wp-json\/wp\/v2\/categories?post=519"},{"taxonomy":"post_tag","embeddable":true,"href":"https:\/\/blogs.hoy.es\/Juandomingofernandez\/wp-json\/wp\/v2\/tags?post=519"}],"curies":[{"name":"wp","href":"https:\/\/api.w.org\/{rel}","templated":true}]}}