{"id":52,"date":"2006-09-22T00:41:37","date_gmt":"2006-09-22T00:41:37","guid":{"rendered":"http:\/\/blogs.hoy.es\/Juandomingofernandez\/?p=52"},"modified":"2006-09-22T00:41:37","modified_gmt":"2006-09-22T00:41:37","slug":"oido-la-calle","status":"publish","type":"post","link":"https:\/\/blogs.hoy.es\/Juandomingofernandez\/2006\/09\/22\/oido-la-calle\/","title":{"rendered":"O\u00eddo en la calle"},"content":{"rendered":"<p class=\"MsoNormal\"><font face=\"Times New Roman\" size=\"4\">Yo iba tan tranquilo y al cruzarse conmigo, a la altura de<br \/>\nla calle Hern\u00e1n Cort\u00e9s, o\u00ed que exclamaba: &#8220;\u00a1Hace un d\u00eda como un pan en los<br \/>\nhocicos!&#8221;. Me sorprendi\u00f3 la expresi\u00f3n, y por curiosidad mir\u00e9 hacia atr\u00e1s, pero<br \/>\nno descubr\u00ed nada extraordinario. De hecho, no ten\u00eda nada de extraordinario: se<br \/>\ntrataba, sencillamente, de un hombre que hablaba por su tel\u00e9fono m\u00f3vil con un<br \/>\ntono de voz bastante alto.<\/font><\/p>\n<p class=\"MsoNormal\"><font face=\"Times New Roman\" size=\"4\">Antes de llegar a la plaza de San Juan vi que otro hombre se<br \/>\nacercaba y gesticulaba alzando los brazos. Deb\u00eda de llevar uno de esos &#8216;manos<br \/>\nlibres&#8217; de auricular y micr\u00f3fono min\u00fasculos. &#8220;\u00bfY qu\u00e9 quieres? \u00bfHago un guiso<br \/>\ncon la perra y me la como, o c\u00f3mo es esto?&#8221;. Fue lo \u00fanico que escuch\u00e9. <\/font><\/p>\n<p class=\"MsoNormal\"><font face=\"Times New Roman\" size=\"4\">Segu\u00ed caminando en direcci\u00f3n a la Plaza Mayor mientras trataba de<br \/>\nbuscarle sentido a las historias que pod\u00edan ocultarse tras esas dos frases. <\/font><\/p>\n<p class=\"MsoNormal\"><font face=\"Times New Roman\" size=\"4\">Pero otras palabras cortaron en seco mis elucubraciones.<br \/>\nEsta vez decid\u00ed prestar atenci\u00f3n. El hombre parec\u00eda nervioso. Se cambiaba el tel\u00e9fono de una mano a otra movi\u00e9ndose con pasos cortos, sin disimular su enfado,<br \/>\nque crec\u00eda como un tumulto. Deduje que reclamaba algo, por en\u00e9sima vez, a un<br \/>\nservicio t\u00e9cnico. \u00bfQuiz\u00e1s telef\u00f3nico? Tal vez. Lo que s\u00e9 es que en un instante,<br \/>\ncuando aquel enojo con vocaci\u00f3n de bronca lleg\u00f3 a lo m\u00e1s alto, el hombre<br \/>\nexplot\u00f3: &#8220;\u00a1Vosotros sois unos cabrones. Como os coja, os voy a sacar las tripas<br \/>\npor el culo y os las voy a anudar en las orejas!&#8221;.<\/font><\/p>\n<p class=\"MsoNormal\"><font face=\"Times New Roman\" size=\"4\"><span style=\"\">&nbsp;&nbsp; <\/span>Qu\u00e9 b\u00e1rbaro, pens\u00e9<br \/>\nen un primer momento. Y me acord\u00e9 de Cela, de Quevedo y del tremendismo. Pero<br \/>\nluego reflexion\u00e9 acerca de lo que hab\u00eda o\u00eddo y conclu\u00ed que ese tipo deb\u00eda de<br \/>\nser un artista, como el alumno de Juan de Mairena al que pidieron que pusiera en<br \/>\nlenguaje po\u00e9tico aquello de &#8220;Los eventos consuetudinarios que acontecen en la<br \/>\nr\u00faa&#8221; y escribi\u00f3: &#8220;Lo que pasa en la calle&#8221;. Un poeta.<\/font><\/p>\n<!-- AddThis Advanced Settings generic via filter on the_content --><!-- AddThis Share Buttons generic via filter on the_content -->","protected":false},"excerpt":{"rendered":"<p>Yo iba tan tranquilo y al cruzarse conmigo, a la altura de la calle Hern\u00e1n Cort\u00e9s, o\u00ed que exclamaba: &#8220;\u00a1Hace un d\u00eda como un pan en los hocicos!&#8221;. Me sorprendi\u00f3 la expresi\u00f3n, y por curiosidad mir\u00e9 hacia atr\u00e1s, pero no descubr\u00ed nada extraordinario. De hecho, no ten\u00eda nada de extraordinario: se trataba, sencillamente, de un [&hellip;]<!-- AddThis Advanced Settings generic via filter on get_the_excerpt --><!-- AddThis Share Buttons generic via filter on get_the_excerpt --><\/p>\n","protected":false},"author":13,"featured_media":0,"comment_status":"open","ping_status":"closed","sticky":false,"template":"","format":"standard","meta":[],"categories":[2],"tags":[],"_links":{"self":[{"href":"https:\/\/blogs.hoy.es\/Juandomingofernandez\/wp-json\/wp\/v2\/posts\/52"}],"collection":[{"href":"https:\/\/blogs.hoy.es\/Juandomingofernandez\/wp-json\/wp\/v2\/posts"}],"about":[{"href":"https:\/\/blogs.hoy.es\/Juandomingofernandez\/wp-json\/wp\/v2\/types\/post"}],"author":[{"embeddable":true,"href":"https:\/\/blogs.hoy.es\/Juandomingofernandez\/wp-json\/wp\/v2\/users\/13"}],"replies":[{"embeddable":true,"href":"https:\/\/blogs.hoy.es\/Juandomingofernandez\/wp-json\/wp\/v2\/comments?post=52"}],"version-history":[{"count":0,"href":"https:\/\/blogs.hoy.es\/Juandomingofernandez\/wp-json\/wp\/v2\/posts\/52\/revisions"}],"wp:attachment":[{"href":"https:\/\/blogs.hoy.es\/Juandomingofernandez\/wp-json\/wp\/v2\/media?parent=52"}],"wp:term":[{"taxonomy":"category","embeddable":true,"href":"https:\/\/blogs.hoy.es\/Juandomingofernandez\/wp-json\/wp\/v2\/categories?post=52"},{"taxonomy":"post_tag","embeddable":true,"href":"https:\/\/blogs.hoy.es\/Juandomingofernandez\/wp-json\/wp\/v2\/tags?post=52"}],"curies":[{"name":"wp","href":"https:\/\/api.w.org\/{rel}","templated":true}]}}