{"id":530,"date":"2015-05-01T21:20:08","date_gmt":"2015-05-01T20:20:08","guid":{"rendered":"http:\/\/blogs.hoy.es\/Juandomingofernandez\/?p=530"},"modified":"2015-05-01T21:20:08","modified_gmt":"2015-05-01T20:20:08","slug":"palabra-en-el-tiempo","status":"publish","type":"post","link":"https:\/\/blogs.hoy.es\/Juandomingofernandez\/2015\/05\/01\/palabra-en-el-tiempo\/","title":{"rendered":"Palabra en el tiempo"},"content":{"rendered":"<p>Varias veces me han preguntado qu\u00e9 columnistas o escritores en prensa son los que m\u00e1s me gustan. Y alguna vez yo mismo plante\u00e9 esa cuesti\u00f3n a indiscutibles del g\u00e9nero. En 1991 habl\u00e9 acerca de sus maestros en el articulismo con Carlos Luis \u00c1lvarez \u2018C\u00e1ndido\u2019, quien confes\u00f3 su gratitud por la amistad que le hab\u00edan brindado C\u00e9sar Gonz\u00e1lez Ruano y Ram\u00f3n P\u00e9rez de Ayala, dos estilos muy diferentes al suyo pero a partir de los cuales evolucion\u00f3 con \u00abinfinitas lecturas\u00bb. En aquella entrevista aprovech\u00e9 la buena disposici\u00f3n del periodista asturiano (por entonces uno de los grandes \u2018popes\u2019 del periodismo espa\u00f1ol) para que improvisara un juicio breve sobre lo m\u00e1s destacable en su opini\u00f3n de otros contempor\u00e1neos ilustres:<br \/>\nPor ejemplo, Francisco Umbral. \u00abFrancisco Umbral es un aut\u00e9ntico mago del lenguaje\u00bb, dijo. \u00bfY Manolo Vicent? \u00abTiene una imaginaci\u00f3n mediterr\u00e1nea muy elegante\u00bb. Jaime Campmany. \u00abJaime Campmany tiene ingenio verbal\u00bb. Manuel Alc\u00e1ntara. \u00abManuel Alc\u00e1ntara es muy buen poeta. Es un articulista sosegado, pero que no traspasa las candilejas\u00bb.<br \/>\nRecuerdo que por aquella \u00e9poca todos esos nombres me parec\u00edan admirables en lo literario, en lo period\u00edstico, aunque me sent\u00eda muy alejado de algunos de sus postulados ideol\u00f3gicos. Lo cort\u00e9s no quita lo valiente. Acaso en el fondo no caben admiraciones absolutas. Si en la hemeroteca de HOY repasamos por ejemplo algunos de los art\u00edculos que escribi\u00f3 Julio Camba durante la Guerra Civil nos sorprende que en la misma persona convivan la mirada humor\u00edstica de inteligente iron\u00eda con la radicalidad expresiva del que bromea con los apellidos de los \u2018rojos\u2019 Miaja y Negr\u00edn para convertirlos en Negrote y Miaj\u00f3n. Sal gorda. Supongo que otro desastre colateral propio de cualquier guerra.  El ejemplo de Camba, sin embargo, seguramente no pasa de an\u00e9cdota y es uno m\u00e1s entre muchos. No quiero reavivar aqu\u00ed el debate de la literatura militante (cu\u00e1ntas veces se ha reprochado incluso al bueno de don Antonio Machado aquel soneto en honor de Enrique L\u00edster: \u00abSi mi pluma valiera tu pistola \/ de capit\u00e1n, contento morir\u00eda\u00bb), lo que deseo es expresar mi escepticismo acerca de aquellos textos period\u00edsticos a los que, m\u00e1s all\u00e1 de su valor literario, les gu\u00eda el instinto militante, el \u00e1nimo sectario.  As\u00ed que a la pregunta sobre mis columnistas o escritores en prensa favoritos respondo que la lista es larga, desde los imprescindibles del siglo XX: Julio Camba, Josep Pla, Umbral, Vicent, V\u00e1zquez Montalb\u00e1n, Manuel Alc\u00e1ntara&#8230;, hasta los habituales en las p\u00e1ginas de opini\u00f3n de los principales diarios de Espa\u00f1a.<br \/>\nCon preferencia, eso s\u00ed, por los columnistas que sin vivir aislados en su torre de marfil y sin olvidar el car\u00e1cter de \u00abpalabra en el tiempo\u00bb que Machado reclamaba para la poes\u00eda, buscan limpiamente textos con algo de trascendencia, no pura filfa, no simple coheter\u00eda ni g\u00e9nero venal. Gente que pueda mirar para atr\u00e1s y no avergonzarse de lo que escribi\u00f3 cinco, diez o veinte a\u00f1os antes. Gente de cuyos textos no se maldiga en clave agropecuaria o como se hace en los pueblos: \u00abDe esos no van a quedar ni los rabos\u00bb. <\/p>\n<!-- AddThis Advanced Settings generic via filter on the_content --><!-- AddThis Share Buttons generic via filter on the_content -->","protected":false},"excerpt":{"rendered":"<p>Varias veces me han preguntado qu\u00e9 columnistas o escritores en prensa son los que m\u00e1s me gustan. Y alguna vez yo mismo plante\u00e9 esa cuesti\u00f3n a indiscutibles del g\u00e9nero. En 1991 habl\u00e9 acerca de sus maestros en el articulismo con Carlos Luis \u00c1lvarez \u2018C\u00e1ndido\u2019, quien confes\u00f3 su gratitud por la amistad que le hab\u00edan brindado [&hellip;]<!-- AddThis Advanced Settings generic via filter on get_the_excerpt --><!-- AddThis Share Buttons generic via filter on get_the_excerpt --><\/p>\n","protected":false},"author":13,"featured_media":0,"comment_status":"open","ping_status":"closed","sticky":false,"template":"","format":"standard","meta":[],"categories":[1],"tags":[86,198,220,504,655,697,717,794,800,802,1074],"_links":{"self":[{"href":"https:\/\/blogs.hoy.es\/Juandomingofernandez\/wp-json\/wp\/v2\/posts\/530"}],"collection":[{"href":"https:\/\/blogs.hoy.es\/Juandomingofernandez\/wp-json\/wp\/v2\/posts"}],"about":[{"href":"https:\/\/blogs.hoy.es\/Juandomingofernandez\/wp-json\/wp\/v2\/types\/post"}],"author":[{"embeddable":true,"href":"https:\/\/blogs.hoy.es\/Juandomingofernandez\/wp-json\/wp\/v2\/users\/13"}],"replies":[{"embeddable":true,"href":"https:\/\/blogs.hoy.es\/Juandomingofernandez\/wp-json\/wp\/v2\/comments?post=530"}],"version-history":[{"count":0,"href":"https:\/\/blogs.hoy.es\/Juandomingofernandez\/wp-json\/wp\/v2\/posts\/530\/revisions"}],"wp:attachment":[{"href":"https:\/\/blogs.hoy.es\/Juandomingofernandez\/wp-json\/wp\/v2\/media?parent=530"}],"wp:term":[{"taxonomy":"category","embeddable":true,"href":"https:\/\/blogs.hoy.es\/Juandomingofernandez\/wp-json\/wp\/v2\/categories?post=530"},{"taxonomy":"post_tag","embeddable":true,"href":"https:\/\/blogs.hoy.es\/Juandomingofernandez\/wp-json\/wp\/v2\/tags?post=530"}],"curies":[{"name":"wp","href":"https:\/\/api.w.org\/{rel}","templated":true}]}}