{"id":533,"date":"2015-05-15T20:19:57","date_gmt":"2015-05-15T19:19:57","guid":{"rendered":"http:\/\/blogs.hoy.es\/Juandomingofernandez\/?p=533"},"modified":"2015-05-15T20:19:57","modified_gmt":"2015-05-15T19:19:57","slug":"un-pionero-y-visionario","status":"publish","type":"post","link":"https:\/\/blogs.hoy.es\/Juandomingofernandez\/2015\/05\/15\/un-pionero-y-visionario\/","title":{"rendered":"Un pionero y visionario"},"content":{"rendered":"<p>La primera vez que escuch\u00e9 hablar del concepto \u2018hipertexto\u2019 fue el a\u00f1o 1990 al entonces catedr\u00e1tico de Historia Contempor\u00e1nea y director del Departamento de Historia de la Universidad Extremadura, Antonio Rodr\u00edguez de las Heras. A ese concepto, \u2013fundamental posteriormente para el desarrollo de lo que hoy conocemos como red de redes o internet\u2013 le hab\u00eda dedicado antes un ensayo publicado en franc\u00e9s \u2018Un syst\u00e8me d\u2019ecriture pour l\u2019hypertexte\u2019 y varios cap\u00edtulos de su libro \u2018Navegar por la informaci\u00f3n\u2019, con el que consigui\u00f3 nada menos que el Premio Fundesco de Ensayo, dotado con 2,5 millones de pesetas (15.000 euros) \u00a1de 1990!<br \/>\nEl resto de la historia es conocido: Antonio Rodr\u00edguez de las Heras fue \u2018fichado\u2019 a\u00f1os despu\u00e9s por la Universidad Carlos III de Madrid en la que ha sido decano de la Facultad de Humanidades, Comunicaci\u00f3n y Documentaci\u00f3n y en la actualidad, adem\u00e1s de uno de sus catedr\u00e1ticos m\u00e1s prestigiosos es el director del Instituto de Cultura y Tecnolog\u00eda de dicha universidad. Aut\u00e9ntico pionero en el campo de la educaci\u00f3n y de las nuevas tecnolog\u00edas, la editorial SM acaba de publicar su libro \u2018Met\u00e1foras de la sociedad digital. El futuro de la tecnolog\u00eda en la educaci\u00f3n\u2019.<br \/>\nYo no quiero resumir aqu\u00ed el curr\u00edculo profesional y acad\u00e9mico de este extreme\u00f1o de adopci\u00f3n, premio extraordinario de doctorado de la Universidad de Salamanca, sino subrayar lo ejemplar de una trayectoria fundada sobre el esfuerzo, el talento y la innovaci\u00f3n. Su paso por la Universidad de Extremadura se recuerda entre otras cosas porque se \u2018atrevi\u00f3\u2019 a integrar la inform\u00e1tica en la historia (en 1989 hab\u00eda publicado ya \u2018La ense\u00f1anza de la historia asistida por ordenador\u2019) y un memorable y original ensayo \u2018Metodolog\u00eda para el an\u00e1lisis del discurso pol\u00edtico\u2019 que posibilit\u00f3 la elaboraci\u00f3n de tesis doctorales en las que se aplicaba, en laboratorio, su m\u00e9todo cient\u00edfico para analizar los discursos del socialismo espa\u00f1ol durante la II Rep\u00fablica o los del general Franco, por ejemplo; estudios que situaron entonces a la universidad extreme\u00f1a a la vanguardia en ese \u00e1mbito investigador.<br \/>\nTan habituado a utilizar met\u00e1foras en sus trabajos cient\u00edficos y divulgativos, se podr\u00eda decir que Rodr\u00edguez de las Heras \u2013un sabio que siempre se hace entender\u2013 encarna en s\u00ed mismo la met\u00e1fora del h\u00e9roe cl\u00e1sico, la figura de esos personajes que pueblan la literatura universal y a los que los desaf\u00edos del camino no consiguen derrotar y terminan cumpliendo su misi\u00f3n, es decir, cumpliendo su deber, ya se trate de Pulgarcito o del propio Ulises. Sus estudios acerca de los efectos de la evoluci\u00f3n tecnol\u00f3gica en el campo de la comunicaci\u00f3n y de las humanidades han hecho que se le considere un pionero y un visionario de la galaxia digital. Pero eso es apenas una etiqueta. Antes incluso del desarrollo masivo de internet y de las nuevas tecnolog\u00edas, Rodr\u00edguez de las Heras avis\u00f3 del \u2018atajo\u2019 que pod\u00edan significar tales medios en determinadas encrucijadas hist\u00f3ricas. Otro vaticinio certero. Quien piense que pondero en exceso la figura de este sabio contempor\u00e1neo, solo tiene que buscar algunos textos y <a href=\"https:\/\/www.youtube.com\/watch?v=63O-9sOg2BU&#038;feature=youtu.be&#038;t=2h12s\" target=\"_blank\">v\u00eddeos<\/a> sobre \u00e9l. Me lo agradecer\u00e1.  <\/p>\n<!-- AddThis Advanced Settings generic via filter on the_content --><!-- AddThis Share Buttons generic via filter on the_content -->","protected":false},"excerpt":{"rendered":"<p>La primera vez que escuch\u00e9 hablar del concepto \u2018hipertexto\u2019 fue el a\u00f1o 1990 al entonces catedr\u00e1tico de Historia Contempor\u00e1nea y director del Departamento de Historia de la Universidad Extremadura, Antonio Rodr\u00edguez de las Heras. A ese concepto, \u2013fundamental posteriormente para el desarrollo de lo que hoy conocemos como red de redes o internet\u2013 le hab\u00eda [&hellip;]<!-- AddThis Advanced Settings generic via filter on get_the_excerpt --><!-- AddThis Share Buttons generic via filter on get_the_excerpt --><\/p>\n","protected":false},"author":13,"featured_media":0,"comment_status":"open","ping_status":"closed","sticky":false,"template":"","format":"standard","meta":[],"categories":[1],"tags":[88,307,375,922,1200,1296,1297],"_links":{"self":[{"href":"https:\/\/blogs.hoy.es\/Juandomingofernandez\/wp-json\/wp\/v2\/posts\/533"}],"collection":[{"href":"https:\/\/blogs.hoy.es\/Juandomingofernandez\/wp-json\/wp\/v2\/posts"}],"about":[{"href":"https:\/\/blogs.hoy.es\/Juandomingofernandez\/wp-json\/wp\/v2\/types\/post"}],"author":[{"embeddable":true,"href":"https:\/\/blogs.hoy.es\/Juandomingofernandez\/wp-json\/wp\/v2\/users\/13"}],"replies":[{"embeddable":true,"href":"https:\/\/blogs.hoy.es\/Juandomingofernandez\/wp-json\/wp\/v2\/comments?post=533"}],"version-history":[{"count":0,"href":"https:\/\/blogs.hoy.es\/Juandomingofernandez\/wp-json\/wp\/v2\/posts\/533\/revisions"}],"wp:attachment":[{"href":"https:\/\/blogs.hoy.es\/Juandomingofernandez\/wp-json\/wp\/v2\/media?parent=533"}],"wp:term":[{"taxonomy":"category","embeddable":true,"href":"https:\/\/blogs.hoy.es\/Juandomingofernandez\/wp-json\/wp\/v2\/categories?post=533"},{"taxonomy":"post_tag","embeddable":true,"href":"https:\/\/blogs.hoy.es\/Juandomingofernandez\/wp-json\/wp\/v2\/tags?post=533"}],"curies":[{"name":"wp","href":"https:\/\/api.w.org\/{rel}","templated":true}]}}