{"id":535,"date":"2015-05-22T18:55:11","date_gmt":"2015-05-22T17:55:11","guid":{"rendered":"http:\/\/blogs.hoy.es\/Juandomingofernandez\/?p=535"},"modified":"2015-05-22T18:55:11","modified_gmt":"2015-05-22T17:55:11","slug":"nostalgias","status":"publish","type":"post","link":"https:\/\/blogs.hoy.es\/Juandomingofernandez\/2015\/05\/22\/nostalgias\/","title":{"rendered":"Nostalgias"},"content":{"rendered":"<p>Los sentidos son las v\u00edas de conexi\u00f3n con la memoria. A trav\u00e9s de ellos nuestro cerebro almacena recuerdos de m\u00fasica, sabores, im\u00e1genes, sensaciones y olores que perfilan nuestra cartograf\u00eda emocional. A Marcel Proust, el sabor y el aroma de la famosa magdalena no solo le devolvieron el recuerdo de los viajes durante su infancia a casa de la t\u00eda Leoncia, sino que le abrieron de par en par las puertas a la avalancha evocadora de \u2018En busca del tiempo perdido\u2019. \u00bfQui\u00e9n no ha vivido ese instante maravilloso en que al escuchar una determinada melod\u00eda o paladear un sabor ha tenido que contener las l\u00e1grimas por la emoci\u00f3n? Y quien dice un sabor o un olor puede decir las sensaciones de unas viejas im\u00e1genes o el tacto inconfundible de un abrazo o de unas manos acariciadas.<br \/>\nSomos memoria porque los sentidos nos regalan recuerdos. Ocurre en lo personal y en lo colectivo. A veces el ritmo de la vida nos empuja a vivir el presente con una intensidad digamos que fren\u00e9tica, como si no hubiera ma\u00f1ana ni pasado. Supongo que los soci\u00f3logos conocer\u00e1n bien el fen\u00f3meno y habr\u00e1 estudios que lo analicen de forma sistem\u00e1tica. Yo identifico esas etapas con una especie de \u2018adolescencia\u2019 social donde importa m\u00e1s el v\u00e9rtigo de la prisa, el mero crecimiento, el ensimismamiento, que la mirada sosegada y nost\u00e1lgica. Viv\u00ed esa sensaci\u00f3n, por ejemplo, durante los primeros a\u00f1os de nuestra Transici\u00f3n pol\u00edtica, cuando pel\u00edculas como <a href=\"http:\/\/www.basiliomartinpatino.org\/filmografia\/canciones-para-despues-de-una-guerra\/\" target=\"_blank\">\u2018Canciones para despu\u00e9s de una guerra\u2019<\/a> de Basilio Mart\u00edn Patino o libros como \u2018Cr\u00f3nica sentimental de Espa\u00f1a\u2019, de Manuel V\u00e1zquez Montalb\u00e1n, hac\u00edan que se esfumara el espejismo del presente para que nos atropellara la avalancha de la nostalgia. Del anteayer y del ayer mismo.<br \/>\nImagino que debe de ser la misma nostalgia evocadora que hizo triunfar despu\u00e9s las series televisivas \u2018Cr\u00f3nicas de un pueblo\u2019, \u2018Verano azul\u2019 o m\u00e1s recientemente \u2018Cu\u00e9ntame\u2019. De la adolescencia a la madurez. Cada generaci\u00f3n al llegar a cierta edad se recrea en una mirada al pasado, y a ser posible en una mirada sin ira.<br \/>\nEn las redes sociales es un fen\u00f3meno con miles de seguidores. Miles de usuarios de facebook o twitter que disfrutan con las canciones antiguas subidas a internet por los coleccionistas de vinilos, o miles de ciudadanos de cualquier provincia que disfrutan con las im\u00e1genes de rincones y edificios a los que la piqueta del desarrollismo conden\u00f3 a una muerte conmutada ahora por el viejo \u00e1lbum de fotos&#8230; La industria de la nostalgia. Muchos de esos blogs o sitios web especializados se est\u00e1n convirtiendo en \u00e1giles naves para viajar por el t\u00fanel del tiempo y recrearnos, \u00a1ay!, en el ayer. \u00bfPuro costumbrismo? Quiz\u00e1s algo m\u00e1s. En Espa\u00f1a se puede pasar ahora sin soluci\u00f3n de continuidad de los versos de Rodrigo Caro: \u00abEstos, Fabio, \u00a1ay dolor!, que ves ahora \/ campos de soledad, mustio collado, \/ fueron un tiempo It\u00e1lica famosa\u00bb a los episodios m\u00e1s contempor\u00e1neos de \u2018El ministerio del tiempo\u2019.<br \/>\nUn viaje personal y colectivo. S\u00ed. Como el de esos j\u00f3venes \u2013miles de ellos en el extranjero\u2013 nost\u00e1lgicos de un pa\u00eds con horizontes  m\u00e1s esperanzadores y atm\u00f3sfera de hogar.<\/p>\n<!-- AddThis Advanced Settings generic via filter on the_content --><!-- AddThis Share Buttons generic via filter on the_content -->","protected":false},"excerpt":{"rendered":"<p>Los sentidos son las v\u00edas de conexi\u00f3n con la memoria. A trav\u00e9s de ellos nuestro cerebro almacena recuerdos de m\u00fasica, sabores, im\u00e1genes, sensaciones y olores que perfilan nuestra cartograf\u00eda emocional. A Marcel Proust, el sabor y el aroma de la famosa magdalena no solo le devolvieron el recuerdo de los viajes durante su infancia a [&hellip;]<!-- AddThis Advanced Settings generic via filter on get_the_excerpt --><!-- AddThis Share Buttons generic via filter on get_the_excerpt --><\/p>\n","protected":false},"author":13,"featured_media":0,"comment_status":"open","ping_status":"closed","sticky":false,"template":"","format":"standard","meta":[],"categories":[1],"tags":[142,297,721,800,806,829,916,1086,1087,1176],"_links":{"self":[{"href":"https:\/\/blogs.hoy.es\/Juandomingofernandez\/wp-json\/wp\/v2\/posts\/535"}],"collection":[{"href":"https:\/\/blogs.hoy.es\/Juandomingofernandez\/wp-json\/wp\/v2\/posts"}],"about":[{"href":"https:\/\/blogs.hoy.es\/Juandomingofernandez\/wp-json\/wp\/v2\/types\/post"}],"author":[{"embeddable":true,"href":"https:\/\/blogs.hoy.es\/Juandomingofernandez\/wp-json\/wp\/v2\/users\/13"}],"replies":[{"embeddable":true,"href":"https:\/\/blogs.hoy.es\/Juandomingofernandez\/wp-json\/wp\/v2\/comments?post=535"}],"version-history":[{"count":0,"href":"https:\/\/blogs.hoy.es\/Juandomingofernandez\/wp-json\/wp\/v2\/posts\/535\/revisions"}],"wp:attachment":[{"href":"https:\/\/blogs.hoy.es\/Juandomingofernandez\/wp-json\/wp\/v2\/media?parent=535"}],"wp:term":[{"taxonomy":"category","embeddable":true,"href":"https:\/\/blogs.hoy.es\/Juandomingofernandez\/wp-json\/wp\/v2\/categories?post=535"},{"taxonomy":"post_tag","embeddable":true,"href":"https:\/\/blogs.hoy.es\/Juandomingofernandez\/wp-json\/wp\/v2\/tags?post=535"}],"curies":[{"name":"wp","href":"https:\/\/api.w.org\/{rel}","templated":true}]}}