{"id":536,"date":"2015-05-29T22:57:32","date_gmt":"2015-05-29T21:57:32","guid":{"rendered":"http:\/\/blogs.hoy.es\/Juandomingofernandez\/?p=536"},"modified":"2015-05-29T22:57:32","modified_gmt":"2015-05-29T21:57:32","slug":"demagogos-y-populistas","status":"publish","type":"post","link":"https:\/\/blogs.hoy.es\/Juandomingofernandez\/2015\/05\/29\/demagogos-y-populistas\/","title":{"rendered":"Demagogos y populistas"},"content":{"rendered":"<p>La pol\u00edtica, o es percibida como un proceso que exige aut\u00e9ntica democracia o solo es oficio de tinieblas. Nadie la librar\u00e1 de ese anatema. Y no son reticencias recientes y gratuitas, al contrario, creo que se trata de una prevenci\u00f3n muy evidente en esos dos t\u00f3picos tan esencialmente reaccionarios y propios del ADN espa\u00f1ol: \u00abTodos los pol\u00edticos son iguales\u00bb y \u00abLo mejor es no meterse en pol\u00edtica\u00bb. Quiz\u00e1s tras una guerra civil despiadada, una posguerra implacable y una interminable dictadura, el concepto \u2018pol\u00edtico\u2019 se devalu\u00f3 en exceso y nos ha llegado igual que la manzana podrida o el s\u00edmbolo de connotaciones negativas. Hasta la Transici\u00f3n y la Constituci\u00f3n de 1978, al t\u00e9rmino \u2018pol\u00edtico\u2019 solo le cuadraban dos interpretaciones. Primera: la del \u2018pol\u00edtico\u2019 del R\u00e9gimen, del Movimiento Nacional de la autodenominada \u00abdemocracia org\u00e1nica\u00bb franquista, interesado en la reproducci\u00f3n o mantenimiento del citado R\u00e9gimen y, segunda, la del \u2018pol\u00edtico\u2019 que m\u00e1s o menos vinculado a los partidos de la clandestinidad y a trav\u00e9s de un compromiso personal se esforz\u00f3 por romper con los modos y servidumbres propios del antiguo r\u00e9gimen y aquella forma de hacer pol\u00edtica inconcebible en cualquier democracia occidental.<br \/>\nPero la Espa\u00f1a democr\u00e1tica, mi buen Yorick, cumplir\u00e1 pronto cuarenta a\u00f1os, tantos como dur\u00f3 el r\u00e9gimen franquista, y no parece razonable limitarse ahora a modelos pol\u00edticos basados en la sola premisa de acudir a las urnas cada cuatro a\u00f1os. Como si al ciudadano, cumplimentado ese tr\u00e1mite, le repitieran el c\u00ednico consejo que se atribuye a Franco: \u00abHaga como yo, lo mejor es no meterse en pol\u00edtica\u00bb. Ya no cuela. Que los muertos entierren a los muertos. Se impone una pol\u00edtica donde la transparencia y la realidad cotidiana de las personas, de las familias, no quede postergada ante los intereses abstractos de las grandes corporaciones. Una pol\u00edtica sin vedetismo, sin imposturas y sin comisionistas del apocalipsis. Una pol\u00edtica que promueva nuevas v\u00edas de participaci\u00f3n y exija m\u00e1s compromisos, por supuesto dentro del orden constitucional.<br \/>\nGuste o no, los casos recientes de gigantesca podredumbre moral y sobre todo econ\u00f3mica constituyen la mayor prueba de cargo contra el sistema pol\u00edtico. Pero pensar que hay que demoler hasta los cimientos de ese sistema me parece tan disparatado como los extrav\u00edos de esos mercenarios del miedo y tertulianos atrabiliarios que agitan los fantasmas de \u2018soviets\u2019 \u00a1en Madrid!, agentes de Venezuela o \u2018Cheguevaras\u2019 irredentos. Cielo santo, c\u00f3mo se ponen las cabezas\u2026<br \/>\nEl hombre de la calle, el ciudadano que dedica buena parte del d\u00eda a buscarse la vida y a luchar contra las dentelladas que el paro  seguramente le est\u00e1 dando a su familia, teme m\u00e1s a la corrupci\u00f3n que a los modelos venezolanos o a los soviets. Y m\u00e1s que a Marx, que le quedar\u00e1 a trasmano, seguro que le teme a los B\u00e1rcenas, G\u00fcrtel, Rato, Blesa y a todos los enjuagues de la pol\u00edtica concebida como un \u2018negocio de familias\u2019. Gente que tal vez nunca ha le\u00eddo \u2013ni leer\u00e1\u2013 el \u2018Manifiesto Comunista\u2019 pero que entienden a la primera a la advertencia de Balzac: \u00abDetr\u00e1s de cada fortuna hay un delito\u00bb.  <\/p>\n<!-- AddThis Advanced Settings generic via filter on the_content --><!-- AddThis Share Buttons generic via filter on the_content -->","protected":false},"excerpt":{"rendered":"<p>La pol\u00edtica, o es percibida como un proceso que exige aut\u00e9ntica democracia o solo es oficio de tinieblas. Nadie la librar\u00e1 de ese anatema. Y no son reticencias recientes y gratuitas, al contrario, creo que se trata de una prevenci\u00f3n muy evidente en esos dos t\u00f3picos tan esencialmente reaccionarios y propios del ADN espa\u00f1ol: \u00abTodos [&hellip;]<!-- AddThis Advanced Settings generic via filter on get_the_excerpt --><!-- AddThis Share Buttons generic via filter on get_the_excerpt --><\/p>\n","protected":false},"author":13,"featured_media":0,"comment_status":"open","ping_status":"closed","sticky":false,"template":"","format":"standard","meta":[],"categories":[1],"tags":[277,287,297,319,505,1015,1251,1268],"_links":{"self":[{"href":"https:\/\/blogs.hoy.es\/Juandomingofernandez\/wp-json\/wp\/v2\/posts\/536"}],"collection":[{"href":"https:\/\/blogs.hoy.es\/Juandomingofernandez\/wp-json\/wp\/v2\/posts"}],"about":[{"href":"https:\/\/blogs.hoy.es\/Juandomingofernandez\/wp-json\/wp\/v2\/types\/post"}],"author":[{"embeddable":true,"href":"https:\/\/blogs.hoy.es\/Juandomingofernandez\/wp-json\/wp\/v2\/users\/13"}],"replies":[{"embeddable":true,"href":"https:\/\/blogs.hoy.es\/Juandomingofernandez\/wp-json\/wp\/v2\/comments?post=536"}],"version-history":[{"count":0,"href":"https:\/\/blogs.hoy.es\/Juandomingofernandez\/wp-json\/wp\/v2\/posts\/536\/revisions"}],"wp:attachment":[{"href":"https:\/\/blogs.hoy.es\/Juandomingofernandez\/wp-json\/wp\/v2\/media?parent=536"}],"wp:term":[{"taxonomy":"category","embeddable":true,"href":"https:\/\/blogs.hoy.es\/Juandomingofernandez\/wp-json\/wp\/v2\/categories?post=536"},{"taxonomy":"post_tag","embeddable":true,"href":"https:\/\/blogs.hoy.es\/Juandomingofernandez\/wp-json\/wp\/v2\/tags?post=536"}],"curies":[{"name":"wp","href":"https:\/\/api.w.org\/{rel}","templated":true}]}}