{"id":539,"date":"2015-06-19T19:27:08","date_gmt":"2015-06-19T18:27:08","guid":{"rendered":"http:\/\/blogs.hoy.es\/Juandomingofernandez\/?p=539"},"modified":"2015-06-19T19:27:08","modified_gmt":"2015-06-19T18:27:08","slug":"el-mastranzo","status":"publish","type":"post","link":"https:\/\/blogs.hoy.es\/Juandomingofernandez\/2015\/06\/19\/el-mastranzo\/","title":{"rendered":"El mastranzo"},"content":{"rendered":"<p>Acostumbro a dar un largo paseo a primeras horas de la ma\u00f1ana. Una caminata que me ayuda a ordenar pensamientos y a reparar tambi\u00e9n en esos regalos de la naturaleza que tantas veces nos pasan inadvertidos, ya sean bandadas de aves cruzando el cielo en busca de bebederos, algunos humildes arriates de casas bajas o las alfombras de flores al pie de los \u00e1rboles que anuncian el fin de la primavera y la llegada del calor.<br \/>\nDurante los paseos disfruto con el arrullo de las t\u00f3rtolas, con las maniobras de las cig\u00fce\u00f1as \u2013a esas horas siempre mirando al levante\u2013 intentando colonizar los pinos y cedros m\u00e1s confortables para sus nidos&#8230; Me cruzo con otros paseantes camino del trabajo, con escolares so\u00f1olientos apesadumbrados por el peso de la mochila, con j\u00f3venes parejas agarradas de la mano, con jubilados investidos de serenidad que repiten cada d\u00eda, como un tic inevitable el movimiento del bast\u00f3n sobre las rayas de la acera&#8230; La vida que no se detiene.<br \/>\nAl comenzar la caminata me asalta, acaso tambi\u00e9n como un tic, el recuerdo de los versos con los que Claudio Rodr\u00edguez arranca \u2018Don de la ebriedad\u2019: \u00abSiempre la claridad viene del cielo; \/ es un don: no se halla entre las cosas \/ sino muy por encima, y las ocupa \/ haciendo de ello vida y labor propias. \/ As\u00ed amanece el d\u00eda; as\u00ed la noche \/ cierra el gran aposento de sus sombras\u00bb. Recuerdo esos versos no s\u00f3lo porque se trata de las primeras horas del d\u00edas sino porque Claudio Rodr\u00edguez los escribi\u00f3 cuando apenas era un adolescente de 18 a\u00f1os mientras paseaba por los campos de su Zamora natal. As\u00ed que todos los d\u00edas me sorprendo recitando en silencio, nada m\u00e1s salir del portal de casa: \u00abSiempre la claridad viene del cielo; \/ es un don: no se halla entre las cosas&#8230;\u00bb.<br \/>\nEn ocasiones cambio la ruta y alargo o acorto el recorrido del paseo seg\u00fan el tiempo atmosf\u00e9rico, el estado de \u00e1nimo o las ganas de esforzarme y quemar calor\u00edas. Durante bastantes a\u00f1os mi \u00fanico acompa\u00f1amiento en los paseos fue una selecci\u00f3n de m\u00fasica cl\u00e1sica en la que nunca faltaba \u2018El Moldava\u2019 de Smetana o algunas de esas piezas tan recomendadas en internet para leer o estudiar sin distracciones. En otras \u00e9pocas he optado por la radio (informativos) o sencillamente por la compa\u00f1\u00eda de los propios pensamientos y cavilaciones. A solas con uno mismo. Eso s\u00ed, atento a los dones de la naturaleza. Y al paisanaje.<br \/>\nEsta semana me ha ocurrido una cosa inusitada. Varios d\u00edas seguidos me cruc\u00e9, a la misma altura del itinerario adem\u00e1s, con una persona en la que se percib\u00edan sombras de pesadumbre y una especie de contrariedad que me resultaban inquietantes y que, l\u00f3gicamente, desconozco a qu\u00e9 se deb\u00edan. Vestido con la sencillez de un campesino o del hombre habituado a pasarse las horas en la huerta, ayer le divis\u00e9 m\u00e1s tarde que otros d\u00edas y comprob\u00e9 que avanzaba con un paso desenvuelto, muy distinto del de otras ma\u00f1anas. Al llegar a mi altura y cruzarnos en la acera vislumbr\u00e9 el motivo de su j\u00fabilo: entre los dedos sosten\u00eda con mimo, cual joya valios\u00edsima, una ramita de mastranzo. Su olor me transport\u00f3 a la infancia.<\/p>\n<!-- AddThis Advanced Settings generic via filter on the_content --><!-- AddThis Share Buttons generic via filter on the_content -->","protected":false},"excerpt":{"rendered":"<p>Acostumbro a dar un largo paseo a primeras horas de la ma\u00f1ana. Una caminata que me ayuda a ordenar pensamientos y a reparar tambi\u00e9n en esos regalos de la naturaleza que tantas veces nos pasan inadvertidos, ya sean bandadas de aves cruzando el cielo en busca de bebederos, algunos humildes arriates de casas bajas o [&hellip;]<!-- AddThis Advanced Settings generic via filter on get_the_excerpt --><!-- AddThis Share Buttons generic via filter on get_the_excerpt --><\/p>\n","protected":false},"author":13,"featured_media":0,"comment_status":"open","ping_status":"closed","sticky":false,"template":"","format":"standard","meta":[],"categories":[1],"tags":[6,186,244,901,968,1194],"_links":{"self":[{"href":"https:\/\/blogs.hoy.es\/Juandomingofernandez\/wp-json\/wp\/v2\/posts\/539"}],"collection":[{"href":"https:\/\/blogs.hoy.es\/Juandomingofernandez\/wp-json\/wp\/v2\/posts"}],"about":[{"href":"https:\/\/blogs.hoy.es\/Juandomingofernandez\/wp-json\/wp\/v2\/types\/post"}],"author":[{"embeddable":true,"href":"https:\/\/blogs.hoy.es\/Juandomingofernandez\/wp-json\/wp\/v2\/users\/13"}],"replies":[{"embeddable":true,"href":"https:\/\/blogs.hoy.es\/Juandomingofernandez\/wp-json\/wp\/v2\/comments?post=539"}],"version-history":[{"count":0,"href":"https:\/\/blogs.hoy.es\/Juandomingofernandez\/wp-json\/wp\/v2\/posts\/539\/revisions"}],"wp:attachment":[{"href":"https:\/\/blogs.hoy.es\/Juandomingofernandez\/wp-json\/wp\/v2\/media?parent=539"}],"wp:term":[{"taxonomy":"category","embeddable":true,"href":"https:\/\/blogs.hoy.es\/Juandomingofernandez\/wp-json\/wp\/v2\/categories?post=539"},{"taxonomy":"post_tag","embeddable":true,"href":"https:\/\/blogs.hoy.es\/Juandomingofernandez\/wp-json\/wp\/v2\/tags?post=539"}],"curies":[{"name":"wp","href":"https:\/\/api.w.org\/{rel}","templated":true}]}}