{"id":541,"date":"2015-07-03T22:36:01","date_gmt":"2015-07-03T21:36:01","guid":{"rendered":"http:\/\/blogs.hoy.es\/Juandomingofernandez\/?p=541"},"modified":"2015-07-03T22:36:01","modified_gmt":"2015-07-03T21:36:01","slug":"fotografiar-el-pasado","status":"publish","type":"post","link":"https:\/\/blogs.hoy.es\/Juandomingofernandez\/2015\/07\/03\/fotografiar-el-pasado\/","title":{"rendered":"Fotografiar el pasado"},"content":{"rendered":"<p>El diario HOY tiene una larga tradici\u00f3n de coleccionables, libros y suplementos especiales dedicados a la naturaleza, el arte, las fiestas y costumbres populares, la historia, los monumentos, los pueblos,&#8230; de Extremadura. Muchos de esos vol\u00famenes se conservan encuadernados en miles de hogares de la regi\u00f3n. Bastantes de ellos han conquistado tambi\u00e9n las redes sociales y son muy seguidos los sitios webs o los blogs donde se cuelgan im\u00e1genes del pasado reciente, de la memoria de esas dos o tres generaciones de extreme\u00f1os capaces de identificar lugares que no son tan solo piedras, calles o plazas, sino rincones poblados de a\u00f1oranzas y de vida. El creciente fen\u00f3meno de la nostalgia postrera.<br \/>\nEn el caso de la ciudad de C\u00e1ceres desde este peri\u00f3dico se marcaron dos hitos con la publicaci\u00f3n en 1992 del coleccionable \u2018C\u00e1ceres, la historia viva. Cien a\u00f1os de vida cacere\u00f1a\u2019, sobre la base del archivo del recordado Juan Ram\u00f3n Marchena y de los fondos fotogr\u00e1ficos y documentales de HOY, guiados tambi\u00e9n por las evocaciones y glosas de otro cacere\u00f1o de pro, Fernando Garc\u00eda Morales. La otra aportaci\u00f3n destacada llevaba por t\u00edtulo \u2018C\u00e1ceres, imagen y recuerdo\u2019 y se public\u00f3 en 2002. Una treintena de l\u00e1minas con fotograf\u00edas antiguas y modernas de lugares como el Arco del Cristo en 1912, la construcci\u00f3n de las \u2018Casas baratas\u2019 en 1930, el viejo Parador del Carmen en 1972, la entrada a C\u00e1ceres desde la carretera de Trujillo en 1920, el Puente de San Francisco hacia los a\u00f1os 1950; el Cine Astoria en 1989&#8230; Aquel coleccionable se enriqueci\u00f3 con los textos de otro cacere\u00f1o y cacere\u00f1ista de excepci\u00f3n, Antonio Rubio Rojas, acad\u00e9mico de la Real Academia de Extremadura de las Letras y las Artes, cronista oficial de C\u00e1ceres y archivero municipal por oposici\u00f3n desde finales de los a\u00f1os setenta del pasado siglo.<br \/>\nTengo a la vista algunas de las im\u00e1genes que aparecieron en esas publicaciones que me reafirman en que las ciudades son seres vivos y cambiantes. Los lectores de m\u00e1s edad se sorprender\u00edan con las m\u00faltiples metamorfosis vividas por la Plaza Mayor o algunos edificios de la Avenida de Espa\u00f1a, incluidos los emplazamientos varios de la estatua de Mu\u00f1oz Chaves o la construcci\u00f3n del Edificio M\u00faltiples. Pero es m\u00e1s, a quien en 2002 le llamaba la atenci\u00f3n los cambios habidos en la esquina del antiguo Cine Astoria (entre las calles San Pedro de Alc\u00e1ntara y Santa Joaquina de Vedruna) seguro que le sorprenden otra vez las transformaciones en ambas calles y los distintos establecimientos comerciales que ocupan esa esquina.<br \/>\nPor no hablar de los cambios derivados de la expansi\u00f3n urban\u00edstica o en la ciudad monumental. \u00bfAlguien recuerda la \u2018casita\u2019 que se rehabilit\u00f3 en 1988 como vivienda privada en lo que hoy es parte del hotel restaurante Atrio? \u00bfO qu\u00e9 se ve\u00eda en 1991 desde la solitaria y vieja puerta que se conserva junto al nuevo Palacio de Justicia?<br \/>\nA los cazadores del pasado les queda tarea. Si ya han hecho fotos de los \u00e1rboles talados en Primo de Rivera, que se apresuren para fotografiar el resto. El pr\u00f3ximo lunes, 6 de julio, se corta al tr\u00e1fico la avenida para las obras del futuro aparcamiento.<\/p>\n<!-- AddThis Advanced Settings generic via filter on the_content --><!-- AddThis Share Buttons generic via filter on the_content -->","protected":false},"excerpt":{"rendered":"<p>El diario HOY tiene una larga tradici\u00f3n de coleccionables, libros y suplementos especiales dedicados a la naturaleza, el arte, las fiestas y costumbres populares, la historia, los monumentos, los pueblos,&#8230; de Extremadura. Muchos de esos vol\u00famenes se conservan encuadernados en miles de hogares de la regi\u00f3n. Bastantes de ellos han conquistado tambi\u00e9n las redes sociales [&hellip;]<!-- AddThis Advanced Settings generic via filter on get_the_excerpt --><!-- AddThis Share Buttons generic via filter on get_the_excerpt --><\/p>\n","protected":false},"author":13,"featured_media":0,"comment_status":"open","ping_status":"closed","sticky":false,"template":"","format":"standard","meta":[],"categories":[1],"tags":[89,179,252,456,478,497,578],"_links":{"self":[{"href":"https:\/\/blogs.hoy.es\/Juandomingofernandez\/wp-json\/wp\/v2\/posts\/541"}],"collection":[{"href":"https:\/\/blogs.hoy.es\/Juandomingofernandez\/wp-json\/wp\/v2\/posts"}],"about":[{"href":"https:\/\/blogs.hoy.es\/Juandomingofernandez\/wp-json\/wp\/v2\/types\/post"}],"author":[{"embeddable":true,"href":"https:\/\/blogs.hoy.es\/Juandomingofernandez\/wp-json\/wp\/v2\/users\/13"}],"replies":[{"embeddable":true,"href":"https:\/\/blogs.hoy.es\/Juandomingofernandez\/wp-json\/wp\/v2\/comments?post=541"}],"version-history":[{"count":0,"href":"https:\/\/blogs.hoy.es\/Juandomingofernandez\/wp-json\/wp\/v2\/posts\/541\/revisions"}],"wp:attachment":[{"href":"https:\/\/blogs.hoy.es\/Juandomingofernandez\/wp-json\/wp\/v2\/media?parent=541"}],"wp:term":[{"taxonomy":"category","embeddable":true,"href":"https:\/\/blogs.hoy.es\/Juandomingofernandez\/wp-json\/wp\/v2\/categories?post=541"},{"taxonomy":"post_tag","embeddable":true,"href":"https:\/\/blogs.hoy.es\/Juandomingofernandez\/wp-json\/wp\/v2\/tags?post=541"}],"curies":[{"name":"wp","href":"https:\/\/api.w.org\/{rel}","templated":true}]}}