{"id":544,"date":"2015-07-17T21:39:37","date_gmt":"2015-07-17T20:39:37","guid":{"rendered":"http:\/\/blogs.hoy.es\/Juandomingofernandez\/?p=544"},"modified":"2015-07-17T21:39:37","modified_gmt":"2015-07-17T20:39:37","slug":"de-lecturas-pendientes","status":"publish","type":"post","link":"https:\/\/blogs.hoy.es\/Juandomingofernandez\/2015\/07\/17\/de-lecturas-pendientes\/","title":{"rendered":"De lecturas pendientes"},"content":{"rendered":"<p>Ando estos d\u00edas organizando el donoso escrutinio de los libros que pienso llevarme en las vacaciones y como suele ocurrirme cada a\u00f1o se disputan los huecos en la maleta las relecturas, las deudas antiguas (confieso que de este agosto no pasa \u2018El gran Meaulnes\u2019, de Alain-Fournier ) y algunos t\u00edtulos m\u00e1s recientes entre los que solo voy a citar dos, muy distintos entre s\u00ed, de dos escritores nacidos en Extremadura: \u2018Cuentos del d\u00eda a d\u00eda\u2019, de Tom\u00e1s Mart\u00edn Tamayo y \u2018Vida secreta\u2019, el \u00faltimo libro de poemas de Javier Rodr\u00edguez Marcos, aparecido en la colecci\u00f3n Nuevos Textos Sagrados de Tusquets.<br \/>\nDurante un tiempo yo cre\u00ed tambi\u00e9n que los libros son la residencia m\u00e1s confortable de la vida. (Por cierto, Alberto Manguel, ese sabio que en su juventud le sirvi\u00f3 de lazarillo lector al Borges ya vencido por la ceguera, ha escrito hace poco \u2018El viajero, la torre y la larva.  El lector como met\u00e1fora\u2019, donde viene a desmentir que el lector ideal sea precisamente el que se encierra en su torre de marfil parafraseando al fray Luis de Le\u00f3n en \u2018Vida retirada\u2019: \u00ab\u00a1Qu\u00e9 descansada vida \/ la del que huye el mundanal ru\u00efdo \/ y sigue la escondida \/ senda por donde han ido \/ los pocos sabios que en el mundo han sido!\u00bb. Como tampoco pueda blasonar de lector ideal el insigne Quevedo solitario en la Torre de Juan Abad: \u00abRetirado en la paz de estos desiertos, \/ con pocos, pero doctos libros juntos, \/ vivo en conversaci\u00f3n con los difuntos, \/ y escucho con mis ojos a los muertos\u00bb).<br \/>\nBorges calculaba que en la vida de cualquier hombre da tiempo a leer con provecho unos 200 libros y que lo importante es elegirlos con tino y releerlos. Baroja dec\u00eda que cuando uno se hace viejo le gusta m\u00e1s releer que leer. Y Juan Goytisolo ha confesado alguna vez que m\u00e1s que un gran n\u00famero de lectores, lo que busca es \u00abun cierto n\u00famero de relectores\u00bb. Los placeres de la relectura los conoce bien un autor que es tambi\u00e9n un poeta y un cr\u00edtico esencialmente \u2018lector\u2019. Me refiero a Luis Alberto de Cuenca, exdirector de la Biblioteca Nacional, Premio Nacional de Traducci\u00f3n y autor de poemarios memorables como \u2018La caja de plata\u2019 o \u2018Cuaderno de vacaciones\u2019. Uno de los festines que me he regalado como lector se lo debo al libro \u2018Palabras con alas\u2019, de la sevillana Ediciones de la Isla de Siltol\u00e1, en el que Luis Alberto de Cuenca re\u00fane una selecci\u00f3n de art\u00edculos cr\u00edticos y rese\u00f1as aparecidos entre 2006 y 2012 en la revista \u2018Mercurio\u2019.<br \/>\nLejos de pedanter\u00edas acad\u00e9micas o de improvisadas ocurrencias, De Cuenca conduce al lector por el mundo de las novedades literarias pero sobre todo por el de la historia de la literatura. Lee, rese\u00f1a y contextualiza. Y lo hace con una prosa milim\u00e9tricamente precisa, r\u00edtmica, culta y elegante que a m\u00ed me parece que constituye la primera muestra de respeto a quien se adentra en sus p\u00e1ginas. Es admirable que al hilo de un pu\u00f1ado de t\u00edtulos y peque\u00f1os art\u00edculos logre mantener siempre el inter\u00e9s del lector desvel\u00e1ndole claves personales o literarias de autores como Montaigne, Coleridge, Catulo, Ezra Pound, Bioy Casares, Kipling, Juan Eduardo Cirlot&#8230; y temas que van del c\u00f3mic a la ciencia ficci\u00f3n o al arte contempor\u00e1neo.<\/p>\n<!-- AddThis Advanced Settings generic via filter on the_content --><!-- AddThis Share Buttons generic via filter on the_content -->","protected":false},"excerpt":{"rendered":"<p>Ando estos d\u00edas organizando el donoso escrutinio de los libros que pienso llevarme en las vacaciones y como suele ocurrirme cada a\u00f1o se disputan los huecos en la maleta las relecturas, las deudas antiguas (confieso que de este agosto no pasa \u2018El gran Meaulnes\u2019, de Alain-Fournier ) y algunos t\u00edtulos m\u00e1s recientes entre los que [&hellip;]<!-- AddThis Advanced Settings generic via filter on get_the_excerpt --><!-- AddThis Share Buttons generic via filter on get_the_excerpt --><\/p>\n","protected":false},"author":13,"featured_media":0,"comment_status":"open","ping_status":"closed","sticky":false,"template":"","format":"standard","meta":[],"categories":[1],"tags":[39,46,140,165,662,708,739,763,772,1264],"_links":{"self":[{"href":"https:\/\/blogs.hoy.es\/Juandomingofernandez\/wp-json\/wp\/v2\/posts\/544"}],"collection":[{"href":"https:\/\/blogs.hoy.es\/Juandomingofernandez\/wp-json\/wp\/v2\/posts"}],"about":[{"href":"https:\/\/blogs.hoy.es\/Juandomingofernandez\/wp-json\/wp\/v2\/types\/post"}],"author":[{"embeddable":true,"href":"https:\/\/blogs.hoy.es\/Juandomingofernandez\/wp-json\/wp\/v2\/users\/13"}],"replies":[{"embeddable":true,"href":"https:\/\/blogs.hoy.es\/Juandomingofernandez\/wp-json\/wp\/v2\/comments?post=544"}],"version-history":[{"count":0,"href":"https:\/\/blogs.hoy.es\/Juandomingofernandez\/wp-json\/wp\/v2\/posts\/544\/revisions"}],"wp:attachment":[{"href":"https:\/\/blogs.hoy.es\/Juandomingofernandez\/wp-json\/wp\/v2\/media?parent=544"}],"wp:term":[{"taxonomy":"category","embeddable":true,"href":"https:\/\/blogs.hoy.es\/Juandomingofernandez\/wp-json\/wp\/v2\/categories?post=544"},{"taxonomy":"post_tag","embeddable":true,"href":"https:\/\/blogs.hoy.es\/Juandomingofernandez\/wp-json\/wp\/v2\/tags?post=544"}],"curies":[{"name":"wp","href":"https:\/\/api.w.org\/{rel}","templated":true}]}}