{"id":550,"date":"2015-09-11T20:41:31","date_gmt":"2015-09-11T19:41:31","guid":{"rendered":"http:\/\/blogs.hoy.es\/Juandomingofernandez\/?p=550"},"modified":"2015-09-11T20:41:31","modified_gmt":"2015-09-11T19:41:31","slug":"las-puertas-del-palacio","status":"publish","type":"post","link":"https:\/\/blogs.hoy.es\/Juandomingofernandez\/2015\/09\/11\/las-puertas-del-palacio\/","title":{"rendered":"Las puertas del palacio"},"content":{"rendered":"<p>En C\u00e1ceres ha abierto sus puertas al p\u00fablico uno de esos edificios a los que se puede calificar, sin riesgo de exageraci\u00f3n, como emblem\u00e1tico. Me refiero al <a href=\"http:\/\/www.hoy.es\/caceres\/201509\/09\/primeras-visitantes-podran-entrar-20150909132111.html#\" target=\"_blank\">Palacio de los Golfines de Abajo<\/a>, construido a partir del siglo XIV y cuya <a href=\"https:\/\/es.wikipedia.org\/wiki\/Palacio_de_los_Golfines_de_Abajo\" target=\"_blank\">fachada<\/a> \u2013no hay visitante que no fotograf\u00ede su crester\u00eda de piedra\u2013 es seguramente la m\u00e1s bella y singular de la ciudad. Durante cinco siglos esa edificaci\u00f3n que fue tambi\u00e9n casa fuerte y luego palacio se\u00f1orial permaneci\u00f3 abierta tan solo para sus propietarios y las distintas generaciones de la familia Golf\u00edn y herederos.<br \/>\nAl igual que ocurre en otros muchos palacios de la ciudad monumental de C\u00e1ceres, los turistas y visitantes pod\u00edan asomarse \u00fanicamente al patio que se divisa desde el zagu\u00e1n de entrada, pero no traspasar la verja. Con la rehabilitaci\u00f3n del edificio llevada a cabo por la Fundaci\u00f3n Tatiana P\u00e9rez de Guzm\u00e1n el Bueno no solo se consolida un bien patrimonial de primer\u00edsimo nivel sino que se \u2018recupera\u2019 para C\u00e1ceres y para todos los visitantes y turistas un espacio que ilustra con detalle los usos y costumbres de una familia de la nobleza espa\u00f1ola vinculada durante siglos a la historia y a la vida social y econ\u00f3mica de Extremadura.<br \/>\nCon ser importantes y f\u00e1ciles de imaginar los beneficios \u2018tur\u00edsticos\u2019, quiz\u00e1s no sean la principal aportaci\u00f3n de que haya abierto sus puertas al p\u00fablico el Palacio de los Golfines de Abajo. Adem\u00e1s de los visitantes recorriendo estancias con mobiliario, pinturas, esculturas, armas, trajes, reliquias&#8230; su apertura significar\u00e1 tambi\u00e9n la posibilidad de consultar un archivo hist\u00f3rico con m\u00e1s de 8.000 documentos \u2013ya se est\u00e1 catalogando y digitalizando\u2013 al que podr\u00e1n acceder de manera segura y c\u00f3moda investigadores y estudiosos.<br \/>\nDe momento, en las vitrinas de la exposici\u00f3n abierta en la llamada Sala de Documentos se pueden ver desde reales privilegios con sellos de plomo de la reina Juana de Castilla hasta reales c\u00e9dulas otorgadas por Isabel la Cat\u00f3lica y confirmadas por Felipe II, pasando por el manual de los Libros de Cuentas del Camarero Sancho de Paredes o una carta de los Reyes Cat\u00f3licos a Alonso Holgu\u00edn solicitando que env\u00ede 600 peones y 70 lanzas para la guerra de Granada, fechada en C\u00f3rdoba el 31 de julio de 1485.<br \/>\nEs de suponer que en el archivo de la Fundaci\u00f3n Tatiana P\u00e9rez de Guzm\u00e1n el Bueno figure tambi\u00e9n documentaci\u00f3n de siglos m\u00e1s recientes (por ejemplo el XIX, acerca de la guerra contra los franceses, y tambi\u00e9n del XX) en los que la familia Golf\u00edn y los condes de Torre Arias tuvieron una presencia relevante en la historia de C\u00e1ceres y de Espa\u00f1a.<br \/>\nDurante cinco siglos bien podr\u00eda decirse que ese palacio ha sido en esencia una fachada y una palabra, \u00abgolf\u00edn\u00bb, siempre entrelazada a m\u00faltiples elucubraciones sobre su origen y haza\u00f1as. Un palacio donde habitaron guerreros extreme\u00f1os que se atrevieron a fijar aquella l\u00e1pida tan recordada por Pedro de Lorenzo: \u00abAqu\u00ed esperan los Golfines el d\u00eda del Juicio\u00bb. Ese palacio tiene desde ayer abiertas las puertas al viajero y les aseguro que recorrer sus estancias representa algo m\u00e1s que un paseo por la historia. <\/p>\n<!-- AddThis Advanced Settings generic via filter on the_content --><!-- AddThis Share Buttons generic via filter on the_content -->","protected":false},"excerpt":{"rendered":"<p>En C\u00e1ceres ha abierto sus puertas al p\u00fablico uno de esos edificios a los que se puede calificar, sin riesgo de exageraci\u00f3n, como emblem\u00e1tico. Me refiero al Palacio de los Golfines de Abajo, construido a partir del siglo XIV y cuya fachada \u2013no hay visitante que no fotograf\u00ede su crester\u00eda de piedra\u2013 es seguramente la [&hellip;]<!-- AddThis Advanced Settings generic via filter on get_the_excerpt --><!-- AddThis Share Buttons generic via filter on get_the_excerpt --><\/p>\n","protected":false},"author":13,"featured_media":0,"comment_status":"open","ping_status":"closed","sticky":false,"template":"","format":"standard","meta":[],"categories":[1],"tags":[96,179,240,516,578,882,954,1110,1290],"_links":{"self":[{"href":"https:\/\/blogs.hoy.es\/Juandomingofernandez\/wp-json\/wp\/v2\/posts\/550"}],"collection":[{"href":"https:\/\/blogs.hoy.es\/Juandomingofernandez\/wp-json\/wp\/v2\/posts"}],"about":[{"href":"https:\/\/blogs.hoy.es\/Juandomingofernandez\/wp-json\/wp\/v2\/types\/post"}],"author":[{"embeddable":true,"href":"https:\/\/blogs.hoy.es\/Juandomingofernandez\/wp-json\/wp\/v2\/users\/13"}],"replies":[{"embeddable":true,"href":"https:\/\/blogs.hoy.es\/Juandomingofernandez\/wp-json\/wp\/v2\/comments?post=550"}],"version-history":[{"count":0,"href":"https:\/\/blogs.hoy.es\/Juandomingofernandez\/wp-json\/wp\/v2\/posts\/550\/revisions"}],"wp:attachment":[{"href":"https:\/\/blogs.hoy.es\/Juandomingofernandez\/wp-json\/wp\/v2\/media?parent=550"}],"wp:term":[{"taxonomy":"category","embeddable":true,"href":"https:\/\/blogs.hoy.es\/Juandomingofernandez\/wp-json\/wp\/v2\/categories?post=550"},{"taxonomy":"post_tag","embeddable":true,"href":"https:\/\/blogs.hoy.es\/Juandomingofernandez\/wp-json\/wp\/v2\/tags?post=550"}],"curies":[{"name":"wp","href":"https:\/\/api.w.org\/{rel}","templated":true}]}}