{"id":552,"date":"2015-09-25T21:05:47","date_gmt":"2015-09-25T20:05:47","guid":{"rendered":"http:\/\/blogs.hoy.es\/Juandomingofernandez\/?p=552"},"modified":"2015-09-25T21:05:47","modified_gmt":"2015-09-25T20:05:47","slug":"no-nos-vendemos","status":"publish","type":"post","link":"https:\/\/blogs.hoy.es\/Juandomingofernandez\/2015\/09\/25\/no-nos-vendemos\/","title":{"rendered":"No nos vendemos"},"content":{"rendered":"<p>En Extremadura no nos sabemos vender. \u00bfAlguien se imagina qu\u00e9 habr\u00edan hecho en Catalu\u00f1a, por ejemplo, si en vez de conmemorar desde hace trescientos a\u00f1os la melancol\u00eda de una derrota pudieran celebrar desde hace cinco siglos el regalo de haber conquistado casi medio continente para la naci\u00f3n? \u00bfAlguien se imagina qu\u00e9 ser\u00eda de C\u00e1ceres, o de Badajoz o de M\u00e9rida y de Jerez de los Caballeros y Trujillo con su patrimonio si en vez de estar enclavados donde est\u00e1n el azar les hubiera situado en otras tierras? Pi\u00e9nsalo, mi buen Yorick, aunque solo sea un minuto.<br \/>\nAborrezco el sentimiento nacionalista, \u2013me parece como dec\u00eda el doctor Johnson \u00abel \u00faltimo refugio de los bribones\u00bb\u2013 pero confieso que siento envidia de esas gentes que aman, conocen y quieren lo suyo con generosidad y sin sectarismo. Que aman lo suyo con coherencia, porque es suyo, por pertenecer a su historia, no por aliento fan\u00e1tico o inter\u00e9s excluyente.<br \/>\nEn esta \u00e9poca de turismo mundial y cultura globalizada, la historia no se reduce a cuatro monumentos y unos cuantos paisajes de postal. He comprobado con mis propios ojos c\u00f3mo los ingleses, por ejemplo, defienden su imagen de marca con la National Gallery los cambios de guardia en el Palacio de Buckingham pero tambi\u00e9n con las recreaciones de la casa de Sherlock Holmes o las visitas a The Cavern, donde los primeros conciertos de los Beatles. En <a href=\"http:\/\/www.visitbritain.com\/es\/Destinations-and-Maps\/History-and-heritage\/Oxford.htm\" target=\"_blank\">Oxford<\/a> he visto verdaderas peregrinaciones de admiradores extasiados ante la Biblioteca Bodleiana o el Christ Church College, recordando escenas de Harry Potter. O a lectores de \u2018Alicia en el Pa\u00eds de las Maravillas\u2019 y de \u2018El se\u00f1or de los anillos\u2019 rastreando las huellas de sus autores por tabernas y \u2018colleges\u2019.<br \/>\nNunca olvidar\u00e9 que en M\u00e9xico me llevaron a Coyoac\u00e1n a visitar el caf\u00e9-librer\u00eda \u2018El Parnaso\u2019, tan frecuentado por Garc\u00eda M\u00e1rquez, Bola\u00f1o y otros artistas. Pienso en Espa\u00f1a y lo primero que se me viene a la cabeza es la casa de Vicente Aleixandre, en Velintonia, 3, a punto de dej\u00e1rnosla caer&#8230;<br \/>\nNuestra historia no son \u00fanicamente piedras. En C\u00e1ceres, por ejemplo, no queda recuerdo p\u00fablico alguno del paso de un genio como Rostropovich. Ni de Premios Nobel como Cela o Saramago. O de Claudio Rodr\u00edguez y Jos\u00e9 \u00c1ngel Valente, por citar casi al azar a dos de los m\u00e1s imperecederos poetas del siglo XX. Hasta una placa recuerda el paso del general Franco por la ciudad, pero ninguna, que yo sepa, celebra la estancia de Sorolla en Plasencia o la de <a href=\"https:\/\/es.wikipedia.org\/wiki\/Antonio_L%C3%B3pez_Garc%C3%ADa\" target=\"_blank\">Antonio L\u00f3pez<\/a> en Yuste&#8230; Por no recordar, hasta se nos \u2018olvida\u2019 el paso de Cervantes por Guadalupe (tan nebuloso, como revela el libro de <a href=\"http:\/\/www.casadellibro.com\/libro-los-trabajos-del-viajero-tres-lecturas-de-cervantes\/9788476717349\/926772\" target=\"_blank\">Javier Rodr\u00edguez Marcos \u2018Los trabajos del viajero\u2019<\/a>).<br \/>\nMientras en Berl\u00edn \u2018venden\u2019 al turista y al visitante rutas y \u2018souvenirs\u2019 por los restos del muro, la Isla de los Museos (incluida la antigua vivienda de la se\u00f1ora Merkel) no se olvidan de montar un peque\u00f1o museo con las actuaciones del grupo Ramones o de ense\u00f1ar la ventana del hotel desde la que Michael Jackson amag\u00f3 con lanzar a uno de sus hijos. \u00bfY qu\u00e9 fue de Dire Straits o Ridley Scott en C\u00e1ceres? \u00bfO de Camar\u00f3n y Joe Cocker en M\u00e9rida? \u00a1Ah, si fu\u00e9ramos catalanes! <\/p>\n<!-- AddThis Advanced Settings generic via filter on the_content --><!-- AddThis Share Buttons generic via filter on the_content -->","protected":false},"excerpt":{"rendered":"<p>En Extremadura no nos sabemos vender. \u00bfAlguien se imagina qu\u00e9 habr\u00edan hecho en Catalu\u00f1a, por ejemplo, si en vez de conmemorar desde hace trescientos a\u00f1os la melancol\u00eda de una derrota pudieran celebrar desde hace cinco siglos el regalo de haber conquistado casi medio continente para la naci\u00f3n? \u00bfAlguien se imagina qu\u00e9 ser\u00eda de C\u00e1ceres, o [&hellip;]<!-- AddThis Advanced Settings generic via filter on get_the_excerpt --><!-- AddThis Share Buttons generic via filter on get_the_excerpt --><\/p>\n","protected":false},"author":13,"featured_media":0,"comment_status":"open","ping_status":"closed","sticky":false,"template":"","format":"standard","meta":[],"categories":[1],"tags":[83,126,179,185,244,456,664,681,838,848,1112,1132,1156,1211,1289],"_links":{"self":[{"href":"https:\/\/blogs.hoy.es\/Juandomingofernandez\/wp-json\/wp\/v2\/posts\/552"}],"collection":[{"href":"https:\/\/blogs.hoy.es\/Juandomingofernandez\/wp-json\/wp\/v2\/posts"}],"about":[{"href":"https:\/\/blogs.hoy.es\/Juandomingofernandez\/wp-json\/wp\/v2\/types\/post"}],"author":[{"embeddable":true,"href":"https:\/\/blogs.hoy.es\/Juandomingofernandez\/wp-json\/wp\/v2\/users\/13"}],"replies":[{"embeddable":true,"href":"https:\/\/blogs.hoy.es\/Juandomingofernandez\/wp-json\/wp\/v2\/comments?post=552"}],"version-history":[{"count":0,"href":"https:\/\/blogs.hoy.es\/Juandomingofernandez\/wp-json\/wp\/v2\/posts\/552\/revisions"}],"wp:attachment":[{"href":"https:\/\/blogs.hoy.es\/Juandomingofernandez\/wp-json\/wp\/v2\/media?parent=552"}],"wp:term":[{"taxonomy":"category","embeddable":true,"href":"https:\/\/blogs.hoy.es\/Juandomingofernandez\/wp-json\/wp\/v2\/categories?post=552"},{"taxonomy":"post_tag","embeddable":true,"href":"https:\/\/blogs.hoy.es\/Juandomingofernandez\/wp-json\/wp\/v2\/tags?post=552"}],"curies":[{"name":"wp","href":"https:\/\/api.w.org\/{rel}","templated":true}]}}