{"id":555,"date":"2015-10-08T20:19:34","date_gmt":"2015-10-08T19:19:34","guid":{"rendered":"http:\/\/blogs.hoy.es\/Juandomingofernandez\/?p=555"},"modified":"2015-10-08T20:19:34","modified_gmt":"2015-10-08T19:19:34","slug":"del-cis-la-gente-y-el-juicio-de-gracian","status":"publish","type":"post","link":"https:\/\/blogs.hoy.es\/Juandomingofernandez\/2015\/10\/08\/del-cis-la-gente-y-el-juicio-de-gracian\/","title":{"rendered":"Del CIS, la gente y el juicio de Graci\u00e1n"},"content":{"rendered":"<p>En la vida de las personas la fama y el prestigio no tienen que ver tanto con la cantidad como con la calidad. Ocurre en literatura, en ciencia y creo que tambi\u00e9n en la pol\u00edtica. Ning\u00fan escritor por el mero hecho de escribir muchos libros consigue acrecentar su fama y su prestigio. Es m\u00e1s, a veces ocurre lo contrario y para revalidarlo ah\u00ed est\u00e1 lo que dijeron T.S. Eliot de E.M. Forster o Jos\u00e9 Donoso de Juan Rulfo: \u00abSu fama crece con cada libro que no escribe\u00bb.<br \/>\nAyer se conocieron los datos del \u00faltimo estudio del Centro de Investigaciones Sociol\u00f3gicas (CIS), respecto a los cabezas de lista en las pasadas elecciones auton\u00f3micas. Seg\u00fan dicho estudio, el <a href=\"http:\/\/www.hoy.es\/extremadura\/201510\/07\/vara-politico-extremeno-valorado-20151007133225.html\" target=\"_blank\">pol\u00edtico extreme\u00f1o mejor valorado<\/a> es Guillermo Fern\u00e1ndez Vara, del PSOE, con una media de 5,47 puntos. Tras \u00e9l  se sit\u00faan Mar\u00eda Victoria Dom\u00ednguez, de Ciudadanos, (4,80); \u00c1lvaro Ja\u00e9n, responsable regional de Podemos (4,46) y por \u00faltimo Jos\u00e9 Antonio Monago, del PP, con una media de 4,43 puntos.<br \/>\nEl estudio del CIS se realiz\u00f3 entre el 27 de mayo y el 23 de junio de este a\u00f1o, es decir, conocida ya la palabra definitiva, la voz incuestionable de las urnas. En la memoria de quienes contestaron a la entrevistas del CIS probablemente perduraban im\u00e1genes como la del \u2018culebr\u00f3n Canarias\u2019, con aquel disparatado volando voy, volando vengo, ahora s\u00ed, ahora no, que redujo la verosimilitud de las justificaciones a niveles bochornosos y que extend\u00eda la sensaci\u00f3n entre los ciudadanos de estar siendo obligados a comulgar con ruedas de molino o considerando que el com\u00fan de los mortales no tiene dos dedos de frente&#8230; En fin, aparte de aquel suceso revelador es casi seguro que en la memoria de los entrevistados del CIS perduraron otros episodios relativos a quien hab\u00eda encarnado la responsabilidad del poder auton\u00f3mico durante los \u00faltimos cuatro a\u00f1os en Extremadura. Y el talante con que lo hizo.<br \/>\nDentro del normal funcionamiento democr\u00e1tico tampoco deber\u00edamos considerar inusitado, sin embargo, perder el cr\u00e9dito tras el paso por las responsabilidades del poder, sobre todo si esa actuaci\u00f3n estuvo presidida por un planteamiento digamos que excesivamente \u2018egoc\u00e9ntrico\u2019, personalista, antes que corporativo&#8230; Y m\u00e1s si tras varias de las medidas adoptadas anid\u00f3 un esp\u00edritu percibido por muchos extreme\u00f1os tan solo como \u2018postureo\u2019 oportunista. Aunque de forma c\u00ednica suele decirse que m\u00e1s que el poder desgasta la oposici\u00f3n, Jefferson dej\u00f3 dicho que \u00abnadie abandona el cargo de presidente con el mismo prestigio y respeto que le llev\u00f3 ah\u00ed\u00bb. Y a la vista de la historia y de los \u00faltimos resultados del CIS debe de ser verdad.<br \/>\nLo pasado, pasado. El tiempo trae nuevos afanes y expectativas. Te aseguro mi buen Yorick que por m\u00ed lo que la historia ha enterrado, bien sepultado est\u00e1. Ahora lo que me interesa es qu\u00e9 nos depara pol\u00edticamente el porvenir. Y para analizarlo tengo bien presente la sentencia de Graci\u00e1n: \u00abSe\u00f1al de tener gastada la fama propia es cuidar de la infamia ajena\u00bb, y c\u00f3mo interpretan esas sabias palabras nuestros l\u00edderes pol\u00edticos.<\/p>\n<!-- AddThis Advanced Settings generic via filter on the_content --><!-- AddThis Share Buttons generic via filter on the_content -->","protected":false},"excerpt":{"rendered":"<p>En la vida de las personas la fama y el prestigio no tienen que ver tanto con la cantidad como con la calidad. Ocurre en literatura, en ciencia y creo que tambi\u00e9n en la pol\u00edtica. Ning\u00fan escritor por el mero hecho de escribir muchos libros consigue acrecentar su fama y su prestigio. Es m\u00e1s, a [&hellip;]<!-- AddThis Advanced Settings generic via filter on get_the_excerpt --><!-- AddThis Share Buttons generic via filter on get_the_excerpt --><\/p>\n","protected":false},"author":13,"featured_media":0,"comment_status":"open","ping_status":"closed","sticky":false,"template":"","format":"standard","meta":[],"categories":[1],"tags":[215,456,545,872,1022],"_links":{"self":[{"href":"https:\/\/blogs.hoy.es\/Juandomingofernandez\/wp-json\/wp\/v2\/posts\/555"}],"collection":[{"href":"https:\/\/blogs.hoy.es\/Juandomingofernandez\/wp-json\/wp\/v2\/posts"}],"about":[{"href":"https:\/\/blogs.hoy.es\/Juandomingofernandez\/wp-json\/wp\/v2\/types\/post"}],"author":[{"embeddable":true,"href":"https:\/\/blogs.hoy.es\/Juandomingofernandez\/wp-json\/wp\/v2\/users\/13"}],"replies":[{"embeddable":true,"href":"https:\/\/blogs.hoy.es\/Juandomingofernandez\/wp-json\/wp\/v2\/comments?post=555"}],"version-history":[{"count":0,"href":"https:\/\/blogs.hoy.es\/Juandomingofernandez\/wp-json\/wp\/v2\/posts\/555\/revisions"}],"wp:attachment":[{"href":"https:\/\/blogs.hoy.es\/Juandomingofernandez\/wp-json\/wp\/v2\/media?parent=555"}],"wp:term":[{"taxonomy":"category","embeddable":true,"href":"https:\/\/blogs.hoy.es\/Juandomingofernandez\/wp-json\/wp\/v2\/categories?post=555"},{"taxonomy":"post_tag","embeddable":true,"href":"https:\/\/blogs.hoy.es\/Juandomingofernandez\/wp-json\/wp\/v2\/tags?post=555"}],"curies":[{"name":"wp","href":"https:\/\/api.w.org\/{rel}","templated":true}]}}