{"id":561,"date":"2015-11-06T13:36:38","date_gmt":"2015-11-06T12:36:38","guid":{"rendered":"http:\/\/blogs.hoy.es\/Juandomingofernandez\/?p=561"},"modified":"2015-11-06T13:36:38","modified_gmt":"2015-11-06T12:36:38","slug":"premiar-y-premiarse","status":"publish","type":"post","link":"https:\/\/blogs.hoy.es\/Juandomingofernandez\/2015\/11\/06\/premiar-y-premiarse\/","title":{"rendered":"Premiar y premiarse"},"content":{"rendered":"<p>En el \u00e1mbito de la ciencia aumenta el conocimiento pero a la vez persisten ideas err\u00f3neas en la cultura popular que son dif\u00edciles de eliminar y combatir, como explicaba hace poco Mauricio-Jos\u00e9 Schwarz en un reportaje de \u2018El Correo\u2019 donde alud\u00eda a diez \u2018mitos\u2019 o ideas err\u00f3neas que se repiten como ciertas. Ideas tales como que solo usamos el 10 por ciento de nuestro cerebro, que en verano hace calor porque estamos m\u00e1s cerca del sol, que hay gente que usa m\u00e1s uno de los dos hemisferios del cerebro, que hay m\u00e1s partos y delitos en luna llena, que las vacunas causan enfermedades&#8230; Mitos, en una palabra. T\u00f3picos.<br \/>\nDel mismo modo, en el imaginario popular perviven dichos y refranes cuya validez no parece universal. Por ejemplo, eso de \u00abnadie es profeta en su tierra\u00bb, f\u00f3rmula muy socorrida para resumir las injusticias habituales con aquellos a quienes tenemos m\u00e1s cerca y acaso en menor consideraci\u00f3n. \u00bfSiempre ha sido as\u00ed? No creo. Basta repasar determinados periodos hist\u00f3ricos de cualquier comunidad o grupo humano para percatarnos de que en la galer\u00eda de retratos ilustres algunos desmienten el dicho: entre ellos todos los que lucen la orla de profetas y triunfadores en su tierra, aunque es verdad tambi\u00e9n que en esa galer\u00eda siempre aparecer\u00e1n, inevitablemente, huecos en blanco&#8230;<br \/>\nOcurre que en ocasiones los reconocimientos llegan tarde y hay que esperar d\u00e9cadas o siglos para que se produzcan. O no llegan jam\u00e1s, como esas piedras humildes del poema de Le\u00f3n Felipe que no han servido \u00abpara ser ni piedra \/ de una lonja, \/ ni piedra de una audiencia, \/ ni piedra de un palacio, \/ ni piedra de una iglesia\u00bb.<br \/>\nEn el \u00e1mbito de nuestra regi\u00f3n no conozco ning\u00fan instrumento social que haya contribuido con m\u00e1s intensidad que este diario al reconocimiento p\u00fablico de aquellas personas, empresas o instituciones volcadas en favor de Extremadura. Los <a href=\"http:\/\/www.hoy.es\/extremenos-de-hoy\/201511\/06\/entrega-premios-extremenos-2015los-20151106002722-v.html\" target=\"_blank\">Premios \u2018Extreme\u00f1os de HOY 2015\u2019<\/a> que se entregan esta tarde en M\u00e9rida son una buena prueba de ello. Y sobre todo la labor diaria y el compromiso que desde hace m\u00e1s de ochenta a\u00f1os mantiene con la regi\u00f3n.<br \/>\nPremiar, reconocer, es una forma de hacer pedagog\u00eda social. M\u00e1s a\u00fan cuando se trata de reconocer m\u00e9ritos y valores vinculados a aspectos perdurables, no circunstanciales o  perecederos. Si se repasa la n\u00f3mina de galardonados durante las \u00faltimas d\u00e9cadas resulta obvio que no se trata de simples \u2018triunfadores\u2019 sino de personas o entidades que  constituyen por s\u00ed mismas verdaderos referentes en sus parcela social. Triunfos conseguidos a trav\u00e9s de la pasi\u00f3n, no fruto del azar o del oportunismo. \u00c9xitos expl\u00edcitos, evidentes, f\u00e1ciles de explicar y de entender. Nada de postureo, como se dice ahora. Ni de superficialidad.<br \/>\nYo creo que en la acci\u00f3n de ofrecer un reconocimiento p\u00fablico se produce tambi\u00e9n una cierta simetr\u00eda pues quien premia aspira a verse reflejado, de alguna manera, en los valores y m\u00e9ritos de quien recibe el premio; es decir, en la defensa de la honradez profesional, la obra bien hecha y la elegante discreci\u00f3n.  <\/p>\n<!-- AddThis Advanced Settings generic via filter on the_content --><!-- AddThis Share Buttons generic via filter on the_content -->","protected":false},"excerpt":{"rendered":"<p>En el \u00e1mbito de la ciencia aumenta el conocimiento pero a la vez persisten ideas err\u00f3neas en la cultura popular que son dif\u00edciles de eliminar y combatir, como explicaba hace poco Mauricio-Jos\u00e9 Schwarz en un reportaje de \u2018El Correo\u2019 donde alud\u00eda a diez \u2018mitos\u2019 o ideas err\u00f3neas que se repiten como ciertas. Ideas tales como [&hellip;]<!-- AddThis Advanced Settings generic via filter on get_the_excerpt --><!-- AddThis Share Buttons generic via filter on get_the_excerpt --><\/p>\n","protected":false},"author":13,"featured_media":0,"comment_status":"open","ping_status":"closed","sticky":false,"template":"","format":"standard","meta":[],"categories":[1],"tags":[456,457,839,969,1047,1083],"_links":{"self":[{"href":"https:\/\/blogs.hoy.es\/Juandomingofernandez\/wp-json\/wp\/v2\/posts\/561"}],"collection":[{"href":"https:\/\/blogs.hoy.es\/Juandomingofernandez\/wp-json\/wp\/v2\/posts"}],"about":[{"href":"https:\/\/blogs.hoy.es\/Juandomingofernandez\/wp-json\/wp\/v2\/types\/post"}],"author":[{"embeddable":true,"href":"https:\/\/blogs.hoy.es\/Juandomingofernandez\/wp-json\/wp\/v2\/users\/13"}],"replies":[{"embeddable":true,"href":"https:\/\/blogs.hoy.es\/Juandomingofernandez\/wp-json\/wp\/v2\/comments?post=561"}],"version-history":[{"count":0,"href":"https:\/\/blogs.hoy.es\/Juandomingofernandez\/wp-json\/wp\/v2\/posts\/561\/revisions"}],"wp:attachment":[{"href":"https:\/\/blogs.hoy.es\/Juandomingofernandez\/wp-json\/wp\/v2\/media?parent=561"}],"wp:term":[{"taxonomy":"category","embeddable":true,"href":"https:\/\/blogs.hoy.es\/Juandomingofernandez\/wp-json\/wp\/v2\/categories?post=561"},{"taxonomy":"post_tag","embeddable":true,"href":"https:\/\/blogs.hoy.es\/Juandomingofernandez\/wp-json\/wp\/v2\/tags?post=561"}],"curies":[{"name":"wp","href":"https:\/\/api.w.org\/{rel}","templated":true}]}}