{"id":563,"date":"2015-11-19T21:40:22","date_gmt":"2015-11-19T20:40:22","guid":{"rendered":"http:\/\/blogs.hoy.es\/Juandomingofernandez\/?p=563"},"modified":"2015-11-19T21:40:22","modified_gmt":"2015-11-19T20:40:22","slug":"efemerides-intimas","status":"publish","type":"post","link":"https:\/\/blogs.hoy.es\/Juandomingofernandez\/2015\/11\/19\/efemerides-intimas\/","title":{"rendered":"Efem\u00e9rides \u00edntimas"},"content":{"rendered":"<p>Los aniversarios y efem\u00e9rides son habituales en los medios de comunicaci\u00f3n. Jalonan las p\u00e1ginas de la prensa con temas m\u00e1s o menos relevantes que se convierten en generales cuando brillan las cifras redondas de los aniversarios: hoy hace diez, veinte, treinta&#8230; a\u00f1os que sucedi\u00f3 tal cosa o tal otra. Ma\u00f1ana por ejemplo, 20 de noviembre, har\u00e1 cuarenta a\u00f1os que muri\u00f3 Franco. Y hoy jueves se cumplen 14 a\u00f1os del asesinato de cuatro periodistas occidentales, entre ellos el espa\u00f1ol Julio Fuentes, de \u2018El Mundo\u2019, cerca de Kabul. Tambi\u00e9n hoy, jueves, hace 25 a\u00f1os la OTAN y el Pacto de Varsovia firmaron la declaraci\u00f3n que pon\u00eda fin a la \u2018Guerra Fr\u00eda\u2019. Y el 19 de noviembre de 1933, es decir, hace hoy 82 a\u00f1os, la Rep\u00fablica celebr\u00f3 las primeras  elecciones generales en que las mujeres pudieron ejercer en Espa\u00f1a su derecho al voto&#8230;<br \/>\nNo obstante, creo que mi lista personal de aniversarios y efem\u00e9rides memorables no tiene que ver tanto con estos \u2018acontecimientos relevantes\u2019 que rese\u00f1an los peri\u00f3dicos sino con otros de \u00e1mbito m\u00e1s \u00edntimo que perfilan \u2013como supongo que les ocurre a todas las personas\u2013 la propia educaci\u00f3n sentimental.<br \/>\nAs\u00ed que en mi memoria habita el recuerdo, claro que s\u00ed, de la muerte de Franco, pero relucen con m\u00e1s fuerza otras teselas del mosaico: la primera vez que vi surcar el aire a un trapecista en el circo; aquel verano en que curamos con yodo el ala de una t\u00f3rtola herida; mis primeros deslumbramientos ante los dibujos de Antonio L\u00f3pez; los grabados de Jos\u00e9 Hern\u00e1ndez, la pintura de Equipo Cr\u00f3nica y Lichtenstein o los primeros cuadros de Vermeer en el Museo del Prado. El d\u00eda que visit\u00e9 la casa de <a href=\"https:\/\/es.wikipedia.org\/wiki\/Jos%C3%A9_Bergam%C3%ADn\" target=\"_blank\">Jos\u00e9 Bergam\u00edn<\/a> y observ\u00e9 sobre su mesa de trabajo una reproducci\u00f3n del cuadro \u2018La familia de Carlos IV\u2019 de Goya; la ma\u00f1ana en que habl\u00e9 con el mexicano <a href=\"https:\/\/es.wikipedia.org\/wiki\/Juan_Rulfo\" target=\"_blank\">Juan Rulfo <\/a>sobre la novela que ya no iba a escribir&#8230;<br \/>\nAniversarios esenciales como el de la lectura en el caf\u00e9 La Universitaria del cuaderno donde escribiste aquella larga y temblorosa declaraci\u00f3n de amor. Y luego, las fechas luminosas del nacimiento de tus hijos; y las conversaciones con Claudio Rodr\u00edguez o con Jos\u00e9 \u00c1ngel Valente. Recuerdos de infancia y juventud: el rodaje en Trujillo de \u2018El tulip\u00e1n negro\u2019 o las capeas en su Plaza Mayor. Y las horas y horas habitando pel\u00edculas como \u2018El mensajero\u2019, de J. Losey o <a href=\"https:\/\/es.wikipedia.org\/wiki\/Barry_Lyndon\" target=\"_blank\">\u2018Barry Lyndon\u2019<\/a>, de Kubrick.<br \/>\nEl aniversario de mi primer viaje a Par\u00eds y el descubrimiento de las obras de Borges y de Bioy Casares. Y antes la desolaci\u00f3n de <a href=\"https:\/\/es.wikipedia.org\/wiki\/Aleksandr_Solzhenitsyn\" target=\"_blank\">\u2018Un d\u00eda en la vida de Ivan Denisovich\u2019, de Alexander Solzhenitsyn<\/a> y las obras de Delibes y de Cela y de Gabriel Garc\u00eda M\u00e1rquez. El cap\u00edtulo VIII de \u2018Paradiso\u2019, de Lezama Lima, que compr\u00e9 en la Librer\u00eda Cervantes de Salamanca un a\u00f1o antes de que muriera Franco, precisamente, y \u2018La ciudad y los perros\u2019, de Mario Vargas Llosa. Y los aniversarios de otras lecturas que pueblan tambi\u00e9n mi parnaso sentimental: \u2018La saga \/ fuga de J.B.\u2019, de Torrente Ballester; \u2018Vida y opiniones del caballero Tristram Shandy\u2019 y \u2018Viaje sentimental por Francia e Italia\u2019, del genial <a href=\"https:\/\/es.wikipedia.org\/wiki\/Laurence_Sterne\" target=\"_blank\">Laurence Sterne<\/a>. La historia, tambi\u00e9n aqu\u00ed, podr\u00eda ser interminable. <\/p>\n<!-- AddThis Advanced Settings generic via filter on the_content --><!-- AddThis Share Buttons generic via filter on the_content -->","protected":false},"excerpt":{"rendered":"<p>Los aniversarios y efem\u00e9rides son habituales en los medios de comunicaci\u00f3n. Jalonan las p\u00e1ginas de la prensa con temas m\u00e1s o menos relevantes que se convierten en generales cuando brillan las cifras redondas de los aniversarios: hoy hace diez, veinte, treinta&#8230; a\u00f1os que sucedi\u00f3 tal cosa o tal otra. Ma\u00f1ana por ejemplo, 20 de noviembre, [&hellip;]<!-- AddThis Advanced Settings generic via filter on get_the_excerpt --><!-- AddThis Share Buttons generic via filter on get_the_excerpt --><\/p>\n","protected":false},"author":13,"featured_media":0,"comment_status":"open","ping_status":"closed","sticky":false,"template":"","format":"standard","meta":[],"categories":[1],"tags":[53,77,83,159,165,209,244,405,505,526,681,687,689,699,711,719,736,753,759,814,850,941,987,1271],"_links":{"self":[{"href":"https:\/\/blogs.hoy.es\/Juandomingofernandez\/wp-json\/wp\/v2\/posts\/563"}],"collection":[{"href":"https:\/\/blogs.hoy.es\/Juandomingofernandez\/wp-json\/wp\/v2\/posts"}],"about":[{"href":"https:\/\/blogs.hoy.es\/Juandomingofernandez\/wp-json\/wp\/v2\/types\/post"}],"author":[{"embeddable":true,"href":"https:\/\/blogs.hoy.es\/Juandomingofernandez\/wp-json\/wp\/v2\/users\/13"}],"replies":[{"embeddable":true,"href":"https:\/\/blogs.hoy.es\/Juandomingofernandez\/wp-json\/wp\/v2\/comments?post=563"}],"version-history":[{"count":0,"href":"https:\/\/blogs.hoy.es\/Juandomingofernandez\/wp-json\/wp\/v2\/posts\/563\/revisions"}],"wp:attachment":[{"href":"https:\/\/blogs.hoy.es\/Juandomingofernandez\/wp-json\/wp\/v2\/media?parent=563"}],"wp:term":[{"taxonomy":"category","embeddable":true,"href":"https:\/\/blogs.hoy.es\/Juandomingofernandez\/wp-json\/wp\/v2\/categories?post=563"},{"taxonomy":"post_tag","embeddable":true,"href":"https:\/\/blogs.hoy.es\/Juandomingofernandez\/wp-json\/wp\/v2\/tags?post=563"}],"curies":[{"name":"wp","href":"https:\/\/api.w.org\/{rel}","templated":true}]}}