{"id":566,"date":"2015-12-10T21:38:45","date_gmt":"2015-12-10T20:38:45","guid":{"rendered":"http:\/\/blogs.hoy.es\/Juandomingofernandez\/?p=566"},"modified":"2015-12-10T21:38:45","modified_gmt":"2015-12-10T20:38:45","slug":"matar-al-padre-y-robar-el-fuego","status":"publish","type":"post","link":"https:\/\/blogs.hoy.es\/Juandomingofernandez\/2015\/12\/10\/matar-al-padre-y-robar-el-fuego\/","title":{"rendered":"\u00bfMatar al padre y robar el fuego?"},"content":{"rendered":"<p>Observo el panorama pol\u00edtico y creo que en estos momentos siento m\u00e1s curiosidad que inquietud. \u00bfSobrevive el bipartismo? \u00bfLlega el tetrapartidismo? \u00bfAcabar\u00e1 la retroalimentaci\u00f3n demosc\u00f3pica torci\u00e9ndole el brazo a la propia realidad; es decir, conformando encuesta a encuesta una realidad que dejar\u00e1 de ser \u2018virtual\u2019 para materializarse como real, como fruto verdadero pasado por las urnas? El sue\u00f1o de la raz\u00f3n crea monstruos, pero tambi\u00e9n los sue\u00f1os demosc\u00f3picos, que se lo digan si no a los venezolanos de la nomenclatura y del presidente Maduro.<br \/>\nOtra de las ideas recurrentes estos d\u00edas de refriega pol\u00edtica es el principio freudiano de \u00abmatar al padre\u00bb, con un reparto habitual en el que Podemos hace el papel de adolescente rebelde obligado a madurar para convertirse en adulto y el PSOE el papel de progenitor. Quiz\u00e1s porque la historia se repite primero como tragedia y despu\u00e9s como farsa o acaso por la barah\u00fanda que se percibe en camerinos, a m\u00ed me parece que Pablo Iglesias-Podemos en vez de matar a su aut\u00e9ntico padre \u2018freudiano\u2019: a Pedro S\u00e1nchez-PSOE, se ha cargado a Izquierda Unida y ha relegado al bueno de Alberto Garz\u00f3n al papel de ep\u00edgono solitario. Casi anecd\u00f3tico.<br \/>\nEn esto de \u00abmatar al padre\u00bb Julio Cort\u00e1zar advierte (\u00e9l lo hace en referencia a las generaciones literarias) que \u00abhay que matar al padre; es decir, al maestro, al modelo. Pero hay que matarlo en buena ley y no con golpes bajos\u00bb. Te dejo la cita, mi buen Yorick, yo renuncio a la glosa.<br \/>\nMi impresi\u00f3n es que en vez de \u00abmatar al padre\u00bb Podemos \u00fanicamente ha \u2018navajeado\u2019 (freudianamente, insisto) a varios parientes cercanos aunque sin consecuencias graves&#8230; La mayor inc\u00f3gnita ahora es saber si Pedro S\u00e1nchez-PSOE  se aplic\u00f3 para s\u00ed alguno de los famosos consejos que Polonio da a Laertes en \u2018Hamlet\u2019: \u00abDebes ser afable, pero no vulgar en el trato. Une a tu alma con v\u00ednculos de acero aquellos amigos que adoptaste despu\u00e9s de examinada su conducta; pero no acaricies con mano pr\u00f3diga a los que acaban de salir del cascar\u00f3n y a\u00fan est\u00e1n sin plumas. Huye siempre de mezclarte en disputas; pero una vez metido en ellas, obra de manera que tu adversario huya de ti\u00bb.<br \/>\n\u00bfY en el caso de Albert Rivera-Ciudadanos se registra tambi\u00e9n un parricidio freudiano respecto a Rajoy-PP? En mi opini\u00f3n, no. Rivera no sue\u00f1a tanto con \u2018cargarse\u2019 a Rajoy, a quien me parece que pol\u00edticamente considera m\u00e1s que \u2018amortizado\u2019, sino a convertirse en una especie de nuevo Prometeo que robe a los dioses el fuego del \u2018centro pol\u00edtico\u2019 y se lo quede para su partido como marca de la casa&#8230;<br \/>\n\u00bfTeatrapartidismo? En el conjunto de Espa\u00f1a, tal vez. En Extremadura me parece que seguir\u00e1 triunfando una especie de bipartidismo \u2018con modificaciones\u2019 fruto de la sensatez y de ese viejo y previsor (y si se quiere realista y \u2018extreme\u00f1o\u2019) sentido com\u00fan que proclama: \u00abLos experimentos, con gaseosa\u00bb.<\/p>\n<!-- AddThis Advanced Settings generic via filter on the_content --><!-- AddThis Share Buttons generic via filter on the_content -->","protected":false},"excerpt":{"rendered":"<p>Observo el panorama pol\u00edtico y creo que en estos momentos siento m\u00e1s curiosidad que inquietud. \u00bfSobrevive el bipartismo? \u00bfLlega el tetrapartidismo? \u00bfAcabar\u00e1 la retroalimentaci\u00f3n demosc\u00f3pica torci\u00e9ndole el brazo a la propia realidad; es decir, conformando encuesta a encuesta una realidad que dejar\u00e1 de ser \u2018virtual\u2019 para materializarse como real, como fruto verdadero pasado por las [&hellip;]<!-- AddThis Advanced Settings generic via filter on get_the_excerpt --><!-- AddThis Share Buttons generic via filter on get_the_excerpt --><\/p>\n","protected":false},"author":13,"featured_media":0,"comment_status":"open","ping_status":"closed","sticky":false,"template":"","format":"standard","meta":[],"categories":[1],"tags":[42,45,160,321,391,422,456,565,718,812,944,978,1015,1252],"_links":{"self":[{"href":"https:\/\/blogs.hoy.es\/Juandomingofernandez\/wp-json\/wp\/v2\/posts\/566"}],"collection":[{"href":"https:\/\/blogs.hoy.es\/Juandomingofernandez\/wp-json\/wp\/v2\/posts"}],"about":[{"href":"https:\/\/blogs.hoy.es\/Juandomingofernandez\/wp-json\/wp\/v2\/types\/post"}],"author":[{"embeddable":true,"href":"https:\/\/blogs.hoy.es\/Juandomingofernandez\/wp-json\/wp\/v2\/users\/13"}],"replies":[{"embeddable":true,"href":"https:\/\/blogs.hoy.es\/Juandomingofernandez\/wp-json\/wp\/v2\/comments?post=566"}],"version-history":[{"count":0,"href":"https:\/\/blogs.hoy.es\/Juandomingofernandez\/wp-json\/wp\/v2\/posts\/566\/revisions"}],"wp:attachment":[{"href":"https:\/\/blogs.hoy.es\/Juandomingofernandez\/wp-json\/wp\/v2\/media?parent=566"}],"wp:term":[{"taxonomy":"category","embeddable":true,"href":"https:\/\/blogs.hoy.es\/Juandomingofernandez\/wp-json\/wp\/v2\/categories?post=566"},{"taxonomy":"post_tag","embeddable":true,"href":"https:\/\/blogs.hoy.es\/Juandomingofernandez\/wp-json\/wp\/v2\/tags?post=566"}],"curies":[{"name":"wp","href":"https:\/\/api.w.org\/{rel}","templated":true}]}}