{"id":568,"date":"2015-12-25T11:25:52","date_gmt":"2015-12-25T10:25:52","guid":{"rendered":"http:\/\/blogs.hoy.es\/Juandomingofernandez\/?p=568"},"modified":"2015-12-25T11:25:52","modified_gmt":"2015-12-25T10:25:52","slug":"vuelve-el-dilema-de-ruptura-o-reforma","status":"publish","type":"post","link":"https:\/\/blogs.hoy.es\/Juandomingofernandez\/2015\/12\/25\/vuelve-el-dilema-de-ruptura-o-reforma\/","title":{"rendered":"\u00bfVuelve el dilema de ruptura o reforma?"},"content":{"rendered":"<p>Estos d\u00edas de aceleradas pugnas pol\u00edticas me hacen rejuvenecer. No s\u00e9 a qu\u00e9 dirigente acabo de o\u00edrle hablar del \u00abb\u00fanker\u00bb para (des)calificar a los representantes de otra formaci\u00f3n adversaria. La verdad es que el vocablo en ese contexto me son\u00f3 a pura antigualla, como las expresiones \u2018estraperlo\u2019, \u2018gas\u00f3geno\u2019, \u2018cartilla de racionamiento\u2019, \u2018ni\u00f1o litri\u2019&#8230;, que solo se oyen en la pel\u00edcula \u2018Canciones para despu\u00e9s de una guerra\u2019 o en las novelas realistas de la llamada \u2018generaci\u00f3n de la berza\u2019. M\u00e1s antiguo que los balcones de palo, que decimos en Extremadura.<br \/>\nEso del \u2018b\u00fanker\u2019 creo que pertenece a la fraseolog\u00eda de la etapa predemocr\u00e1tica, cuando se discut\u00eda si \u00abruptura\u00bb o \u00abreforma\u00bb y a\u00fan no nos hab\u00edamos desperezado de la posguerra y una dictadura de cuatro d\u00e9cadas m\u00e1s la barbarie de un terrorismo ignominioso que puso muertos encima de la mesa un d\u00eda s\u00ed y otro tambi\u00e9n&#8230;<br \/>\nAs\u00ed que la palabra \u00abb\u00fanker\u00bb en boca de un pol\u00edtico, y con el sentido de dardo que se lanza para da\u00f1ar, me transporta a los a\u00f1os predemocr\u00e1ticos, cuando a\u00fan no hab\u00eda rendido sus frutos la Transici\u00f3n. Y  quiz\u00e1s no sea casual ni gratuito que alguien opte por ese t\u00e9rmino. El lenguaje nunca es inocente. Y  m\u00e1s si es lenguaje connotativo.<br \/>\nVivimos la apoteosis de la etiqueta; la org\u00eda del reduccionismo; la revoluci\u00f3n de la consigna, del mensaje corto e incluso del chascarrillo. Pasados por la batidora de las redes sociales, los padres del discurso consiguen que cristalice en el imaginario colectivo cualquier \u2018ocurrencia\u2019 con vocaci\u00f3n de idea, aunque su relaci\u00f3n con una verdad objetiva, racional, verificable, sea inexistente. El caldo de cultivo ideal para el eslogan y la propaganda, como conocen muy bien quienes se mueven de forma habitual con estructuras y en sistemas populistas.<br \/>\n Si es cierto como sosten\u00eda el escritor ingl\u00e9s Bulwer-Lytton que \u00abuna reforma es una correcci\u00f3n de abusos y una revoluci\u00f3n una transferencia de poder\u00bb, en Espa\u00f1a estamos a punto de penetrar en el t\u00fanel del tiempo y remontarnos a la etapa predemocr\u00e1tica, cuando la porf\u00eda central era ruptura o reforma. Es decir, borr\u00f3n y cuenta nueva o convivencia sobre la base de una legalidad que no cab\u00eda improvisar (y sobre todo, que no cab\u00eda \u2018obviar\u2019) de la noche a la ma\u00f1ana&#8230;<br \/>\nLa guinda de aquel pastel fue la Constituci\u00f3n de 1978, es decir, el mayor periodo de desarrollo y convivencia en paz de los espa\u00f1oles durante muchos siglos. Yo creo sin embargo que tienen raz\u00f3n quienes consideran necesario remozar y actualizar la Carta Magna. Otra cosa es sugerir lecturas equivocadas de la realidad hasta el extremo de contabilizar como apoyo incondicional a su barricada los ataques de nuestro Don Quijote contra los molinos de viento. Me parece leg\u00edtimo e incluso imprescindible que se proceda, seg\u00fan la formula Bulwer-Lytton, a la \u00abcorrecci\u00f3n de abusos\u00bb, pero para \u00abtransferencias de poder\u00bb, nada sin el visto bueno del pueblo soberano.<\/p>\n<!-- AddThis Advanced Settings generic via filter on the_content --><!-- AddThis Share Buttons generic via filter on the_content -->","protected":false},"excerpt":{"rendered":"<p>Estos d\u00edas de aceleradas pugnas pol\u00edticas me hacen rejuvenecer. No s\u00e9 a qu\u00e9 dirigente acabo de o\u00edrle hablar del \u00abb\u00fanker\u00bb para (des)calificar a los representantes de otra formaci\u00f3n adversaria. La verdad es que el vocablo en ese contexto me son\u00f3 a pura antigualla, como las expresiones \u2018estraperlo\u2019, \u2018gas\u00f3geno\u2019, \u2018cartilla de racionamiento\u2019, \u2018ni\u00f1o litri\u2019&#8230;, que solo [&hellip;]<!-- AddThis Advanced Settings generic via filter on get_the_excerpt --><!-- AddThis Share Buttons generic via filter on get_the_excerpt --><\/p>\n","protected":false},"author":13,"featured_media":0,"comment_status":"open","ping_status":"closed","sticky":false,"template":"","format":"standard","meta":[],"categories":[1],"tags":[176,284,319,391,422,1010,1015,1091,1138,1281],"_links":{"self":[{"href":"https:\/\/blogs.hoy.es\/Juandomingofernandez\/wp-json\/wp\/v2\/posts\/568"}],"collection":[{"href":"https:\/\/blogs.hoy.es\/Juandomingofernandez\/wp-json\/wp\/v2\/posts"}],"about":[{"href":"https:\/\/blogs.hoy.es\/Juandomingofernandez\/wp-json\/wp\/v2\/types\/post"}],"author":[{"embeddable":true,"href":"https:\/\/blogs.hoy.es\/Juandomingofernandez\/wp-json\/wp\/v2\/users\/13"}],"replies":[{"embeddable":true,"href":"https:\/\/blogs.hoy.es\/Juandomingofernandez\/wp-json\/wp\/v2\/comments?post=568"}],"version-history":[{"count":0,"href":"https:\/\/blogs.hoy.es\/Juandomingofernandez\/wp-json\/wp\/v2\/posts\/568\/revisions"}],"wp:attachment":[{"href":"https:\/\/blogs.hoy.es\/Juandomingofernandez\/wp-json\/wp\/v2\/media?parent=568"}],"wp:term":[{"taxonomy":"category","embeddable":true,"href":"https:\/\/blogs.hoy.es\/Juandomingofernandez\/wp-json\/wp\/v2\/categories?post=568"},{"taxonomy":"post_tag","embeddable":true,"href":"https:\/\/blogs.hoy.es\/Juandomingofernandez\/wp-json\/wp\/v2\/tags?post=568"}],"curies":[{"name":"wp","href":"https:\/\/api.w.org\/{rel}","templated":true}]}}