{"id":57,"date":"2006-11-13T23:56:29","date_gmt":"2006-11-13T23:56:29","guid":{"rendered":"http:\/\/blogs.hoy.es\/Juandomingofernandez\/?p=57"},"modified":"2006-11-13T23:56:29","modified_gmt":"2006-11-13T23:56:29","slug":"yo-soy-espectaculo","status":"publish","type":"post","link":"https:\/\/blogs.hoy.es\/Juandomingofernandez\/2006\/11\/13\/yo-soy-espectaculo\/","title":{"rendered":"Yo soy el espect\u00e1culo"},"content":{"rendered":"<p class=\"MsoNormal\"><font face=\"Times New Roman\" size=\"4\"><span lang=\"ES-TRAD\">Hollywood le va a dedicar una pel\u00edcula a<br \/>\nDal\u00ed, pintor genial y extravagante &#8216;\u00e1vida dollar&#8217;, como le marc\u00f3 Bret\u00f3n. Si en<br \/>\ntodo artista resulta dif\u00edcil separar la vida de la obra, en el caso de Dal\u00ed el<br \/>\nempe\u00f1o es casi una quimera; entre otras razones porque \u00e9l se encarg\u00f3 (con la<br \/>\nayuda de su iniguaaaaaalable Gala, como pronunciaba enf\u00e1ticamente)<span style=\"\">&nbsp; <\/span>de levantar la imagen de un \u00eddolo m\u00e1s teatral<br \/>\ny ficticio que de carne y hueso. <\/span><\/font><\/p>\n<p class=\"MsoNormal\"><font face=\"Times New Roman\" size=\"4\"><span lang=\"ES-TRAD\">Sucede que esa confusi\u00f3n &#8216;interesada&#8217;<br \/>\nentre vida y obra, tan rentable para edificar mitos literarios, no es una ley<br \/>\ngeneral en el universo art\u00edstico. <\/span><\/font><\/p>\n<p class=\"MsoNormal\"><font face=\"Times New Roman\" size=\"4\"><span lang=\"ES-TRAD\">No es el caso, por ejemplo, del poeta<br \/>\nLeopoldo Mar\u00eda Panero, quien en 1984 pidi\u00f3: \u00abQue no usen mi torpe biograf\u00eda<br \/>\npara juzgarme. La literatura no es un modo de vida\u00bb. Supongo que algo as\u00ed<br \/>\npodr\u00edan haber reclamado Borges, quiz\u00e1s Baroja, y todos esos escritores que<br \/>\nlevantaron un muro entre su biograf\u00eda y su obra. Gald\u00f3s, Juan Ram\u00f3n Jim\u00e9nez o<br \/>\nPedro Salinas, por ejemplo. \u00bfPero cabr\u00eda decir lo mismo de aquellos escritores<br \/>\ncon tendencias m\u00e1s &#8216;extrovertidas&#8217;? Pensemos en Laurence Sterne, en Valle, en<br \/>\nHemingway, en Quevedo o en<span style=\"\">&nbsp; <\/span>el propio<br \/>\nCervantes. \u00bfSeguro que la literatura no es un modo de vida para Wilde, para<br \/>\nLorca, para Alberti? <\/span><\/font><\/p>\n<p class=\"MsoNormal\"><font size=\"4\"><span lang=\"ES-TRAD\"><font face=\"Times New Roman\">Lo que me conmueve de esas palabras de<br \/>\nPanero no es lo que tienen de diagn\u00f3stico o<span style=\"\">&nbsp;<br \/>\n<\/span>declaraci\u00f3n, sino lo que tienen de queja, de petici\u00f3n de tregua y de<br \/>\namparo. M\u00e1s que un juicio, Panero formula una llamada de auxilio. Algo as\u00ed<br \/>\ndej\u00f3<span style=\"\">&nbsp; <\/span>escrito tambi\u00e9n Jaime Gil de Biedma<br \/>\ncuando reclama un alto en sus desdichas: \u00abcon tal de que la vida deponga sus<br \/>\nespinas\u00bb. Qu\u00e9 distinto de esos artistas, (como Dal\u00ed) que hicieron de su propia<br \/>\nvida un espect\u00e1culo. El gui\u00f3n de la pel\u00edcula lo prepara Andrew Niccol,<br \/>\nguionista de &#8216;El show de Truman&#8217;. Yo creo que con repasar las declaraciones<br \/>\nperiod\u00edsticas de Dal\u00ed tendr\u00eda hecha ya la mitad del trabajo.<\/font> <\/span><\/font><\/p>\n<!-- AddThis Advanced Settings generic via filter on the_content --><!-- AddThis Share Buttons generic via filter on the_content -->","protected":false},"excerpt":{"rendered":"<p>Hollywood le va a dedicar una pel\u00edcula a Dal\u00ed, pintor genial y extravagante &#8216;\u00e1vida dollar&#8217;, como le marc\u00f3 Bret\u00f3n. Si en todo artista resulta dif\u00edcil separar la vida de la obra, en el caso de Dal\u00ed el empe\u00f1o es casi una quimera; entre otras razones porque \u00e9l se encarg\u00f3 (con la ayuda de su iniguaaaaaalable [&hellip;]<!-- AddThis Advanced Settings generic via filter on get_the_excerpt --><!-- AddThis Share Buttons generic via filter on get_the_excerpt --><\/p>\n","protected":false},"author":13,"featured_media":0,"comment_status":"open","ping_status":"closed","sticky":false,"template":"","format":"standard","meta":[],"categories":[2],"tags":[],"_links":{"self":[{"href":"https:\/\/blogs.hoy.es\/Juandomingofernandez\/wp-json\/wp\/v2\/posts\/57"}],"collection":[{"href":"https:\/\/blogs.hoy.es\/Juandomingofernandez\/wp-json\/wp\/v2\/posts"}],"about":[{"href":"https:\/\/blogs.hoy.es\/Juandomingofernandez\/wp-json\/wp\/v2\/types\/post"}],"author":[{"embeddable":true,"href":"https:\/\/blogs.hoy.es\/Juandomingofernandez\/wp-json\/wp\/v2\/users\/13"}],"replies":[{"embeddable":true,"href":"https:\/\/blogs.hoy.es\/Juandomingofernandez\/wp-json\/wp\/v2\/comments?post=57"}],"version-history":[{"count":0,"href":"https:\/\/blogs.hoy.es\/Juandomingofernandez\/wp-json\/wp\/v2\/posts\/57\/revisions"}],"wp:attachment":[{"href":"https:\/\/blogs.hoy.es\/Juandomingofernandez\/wp-json\/wp\/v2\/media?parent=57"}],"wp:term":[{"taxonomy":"category","embeddable":true,"href":"https:\/\/blogs.hoy.es\/Juandomingofernandez\/wp-json\/wp\/v2\/categories?post=57"},{"taxonomy":"post_tag","embeddable":true,"href":"https:\/\/blogs.hoy.es\/Juandomingofernandez\/wp-json\/wp\/v2\/tags?post=57"}],"curies":[{"name":"wp","href":"https:\/\/api.w.org\/{rel}","templated":true}]}}