{"id":572,"date":"2015-12-31T13:06:04","date_gmt":"2015-12-31T12:06:04","guid":{"rendered":"http:\/\/blogs.hoy.es\/Juandomingofernandez\/?p=572"},"modified":"2015-12-31T13:06:04","modified_gmt":"2015-12-31T12:06:04","slug":"acariciandose-las-cicatrices","status":"publish","type":"post","link":"https:\/\/blogs.hoy.es\/Juandomingofernandez\/2015\/12\/31\/acariciandose-las-cicatrices\/","title":{"rendered":"Acarici\u00e1ndose las cicatrices"},"content":{"rendered":"<p>Acaba el a\u00f1o y por estas fechas las columnas de los peri\u00f3dicos se llenan de balances y de citas de poemas de <a href=\"https:\/\/es.wikipedia.org\/wiki\/Jaime_Gil_de_Biedma\" target=\"_blank\">Jaime Gil de Biedma<\/a>, entre otros el oportuno \u2018P\u00edos deseos para empezar el a\u00f1o\u2019 o el ya popular\u00edsimo \u2018De vita beata\u2019. Es una tradici\u00f3n.<br \/>\nUna tradici\u00f3n a la que se atuvo el periodista <a href=\"https:\/\/es.wikipedia.org\/wiki\/Carlos_Luis_%C3%81lvarez\">Carlos Luis \u00c1lvarez (\u2018C\u00e1ndido\u2019)<\/a> quien public\u00f3 un art\u00edculo titulado \u2018El balance\u2019 el 31 de diciembre de 1975<br \/>\n\u2013hace hoy justo 40 a\u00f1os\u2013 con el que gan\u00f3 el Premio Mariano de Cavia. Yo no quiero hablar ahora de ese art\u00edculo de \u2018C\u00e1ndido\u2019 sino de otro que public\u00f3 meses m\u00e1s tarde titulado \u2018El Renacimiento\u2019, en el que mezcla con l\u00facida iron\u00eda estampas de siglos pasados con expresiones y escenas del momento pol\u00edtico de Espa\u00f1a, entonces en plena transici\u00f3n a la democracia. \u00abEl \u00faltimo d\u00eda de la Edad Media oscureci\u00f3 a la misma hora de siempre\u00bb, arrancaba el art\u00edculo. Y  al instante, un ni\u00f1o que corr\u00eda \u00abalegremente hacia la cama de su padre, gritando: \u2018\u00a1Pap\u00e1, pap\u00e1, el Renacimiento!\u2019\u00bb. La histor\u00eda va enriqueci\u00e9ndose con referencias a predicadores de las cruzadas, \u00e1ngeles en actitud hier\u00e1tica, \u00abj\u00f3venes que gritaban \u2018Se siente, se siente, Fra Ang\u00e9lico est\u00e1 presente\u2019\u00bb, una pancarta que proclama: \u00abSin libertad no hay Renacimiento\u00bb; provocadores conducidos a las mazmorras; con los \u00abde la Mesta\u00bb nada dispuestos \u00aba echar la Edad Media por la ventana\u00bb y una referencia a los poderes reales de los a\u00f1os setenta resuelta en cuatro l\u00edneas, \u2013cuando todav\u00eda hab\u00eda que leer entre l\u00edneas\u2013 y para cuya interpretaci\u00f3n no era precisa demasiada imaginaci\u00f3n: \u00ab\u2018El Renacimiento ha venido, nadie sabe c\u00f3mo ha sido\u2019, dec\u00edan los m\u00e1s ingenuos. \u2018Como que no ha venido\u2019, contestaban los viejos de la localidad, acarici\u00e1ndose las cicatrices\u00bb.<br \/>\nAcarici\u00e1ndose las cicatrices. S\u00f3lo con tal expresi\u00f3n a esa altura del art\u00edculo el lector sab\u00eda ya de qu\u00e9 pugna entre poderes, de qu\u00e9 lucha de \u00e9pocas, le estaban hablando. Ah\u00ed pod\u00eda haber terminado la columna, pero inclu\u00eda la revolera final: \u00abNo les faltaba raz\u00f3n. Pasar\u00eda mucho tiempo y a\u00fan se ver\u00eda a un hombre gigantesco recitar de rodillas la m\u00e1s dolorosa abjuraci\u00f3n que se ha o\u00eddo nunca: \u2018Yo, Galileo Galilei&#8230;\u2019. Acaso el Renacimiento no ha llegado todav\u00eda\u00bb, sentenciaba \u2018C\u00e1ndido\u2019.<br \/>\nMuchos a\u00f1os despu\u00e9s miro a mi alrededor y trato de adivinar qu\u00e9 hubiera escrito en este final de diciembre Carlos Luis \u00c1lvarez a la vista del pa\u00eds sumido en una encrucijada pol\u00edtica y social que no llega tras d\u00e9cadas de dictadura sino tras un periodo de libertades pol\u00edticas y de significativos avances, \u2013aunque con claroscuros\u2013 en materia econ\u00f3mica, de sanidad, educaci\u00f3n&#8230; \u00bfSeguimos en nuestra particular Edad Media? \u00bfAcaso perviven \u2018galileos galileis\u2019 dispuestos a desmentir de manera tajante la llegada del Renacimiento?<br \/>\nAlbergo m\u00e1s dudas que certezas. Desconf\u00edo de todos los comisionistas del para\u00edso, y acaso m\u00e1s que ninguno de quien intenta fundar su m\u00e9rito sobre nuestro descontento pero sin acariciarse cicatriz alguna.<\/p>\n<!-- AddThis Advanced Settings generic via filter on the_content --><!-- AddThis Share Buttons generic via filter on the_content -->","protected":false},"excerpt":{"rendered":"<p>Acaba el a\u00f1o y por estas fechas las columnas de los peri\u00f3dicos se llenan de balances y de citas de poemas de Jaime Gil de Biedma, entre otros el oportuno \u2018P\u00edos deseos para empezar el a\u00f1o\u2019 o el ya popular\u00edsimo \u2018De vita beata\u2019. Es una tradici\u00f3n. Una tradici\u00f3n a la que se atuvo el periodista [&hellip;]<!-- AddThis Advanced Settings generic via filter on get_the_excerpt --><!-- AddThis Share Buttons generic via filter on get_the_excerpt --><\/p>\n","protected":false},"author":13,"featured_media":0,"comment_status":"open","ping_status":"closed","sticky":false,"template":"","format":"standard","meta":[],"categories":[1],"tags":[198,422,656,964,1015,1024,1282],"_links":{"self":[{"href":"https:\/\/blogs.hoy.es\/Juandomingofernandez\/wp-json\/wp\/v2\/posts\/572"}],"collection":[{"href":"https:\/\/blogs.hoy.es\/Juandomingofernandez\/wp-json\/wp\/v2\/posts"}],"about":[{"href":"https:\/\/blogs.hoy.es\/Juandomingofernandez\/wp-json\/wp\/v2\/types\/post"}],"author":[{"embeddable":true,"href":"https:\/\/blogs.hoy.es\/Juandomingofernandez\/wp-json\/wp\/v2\/users\/13"}],"replies":[{"embeddable":true,"href":"https:\/\/blogs.hoy.es\/Juandomingofernandez\/wp-json\/wp\/v2\/comments?post=572"}],"version-history":[{"count":0,"href":"https:\/\/blogs.hoy.es\/Juandomingofernandez\/wp-json\/wp\/v2\/posts\/572\/revisions"}],"wp:attachment":[{"href":"https:\/\/blogs.hoy.es\/Juandomingofernandez\/wp-json\/wp\/v2\/media?parent=572"}],"wp:term":[{"taxonomy":"category","embeddable":true,"href":"https:\/\/blogs.hoy.es\/Juandomingofernandez\/wp-json\/wp\/v2\/categories?post=572"},{"taxonomy":"post_tag","embeddable":true,"href":"https:\/\/blogs.hoy.es\/Juandomingofernandez\/wp-json\/wp\/v2\/tags?post=572"}],"curies":[{"name":"wp","href":"https:\/\/api.w.org\/{rel}","templated":true}]}}