{"id":573,"date":"2016-01-07T23:38:44","date_gmt":"2016-01-07T22:38:44","guid":{"rendered":"http:\/\/blogs.hoy.es\/Juandomingofernandez\/?p=573"},"modified":"2016-01-07T23:38:44","modified_gmt":"2016-01-07T22:38:44","slug":"un-muerto-de-hambre-de-asco-y-de-tristeza","status":"publish","type":"post","link":"https:\/\/blogs.hoy.es\/Juandomingofernandez\/2016\/01\/07\/un-muerto-de-hambre-de-asco-y-de-tristeza\/","title":{"rendered":"\u00abUn muerto de hambre, de asco y de tristeza\u00bb"},"content":{"rendered":"<p>Espa\u00f1a tiene una deuda con Cervantes y temo que no se saldar\u00e1 en este 2016 en que se cumplen 400 a\u00f1os de su muerte. En un pa\u00eds donde la factura con \u2018El Quijote\u2019 encabeza desde hace siglos la monta\u00f1a de impagados el compromiso con su autor es a\u00fan m\u00e1s grande pues su figura permanece sepultada entre la proyecci\u00f3n universal de sus personajes y el contumaz olvido de sus compatriotas. Si \u2018El Quijote\u2019 fue traducido y recibido con aplausos desde el primer momento en Inglaterra \u2013de ah\u00ed la nutrida lista de seguidores, admiradores y ep\u00edgonos\u2013 en Espa\u00f1a no ocurri\u00f3 lo mismo hasta casi dos siglos despu\u00e9s, es decir, hasta que sus m\u00e9ritos nos llegaron agigantados por el prestigio ganado fuera de su tierra.<\/p>\n<p>Seg\u00fan el bar\u00f3metro del CIS, solo uno de cada cinco espa\u00f1oles confiesa haber completado la lectura de \u2018El Quijote\u2019 y entre ellos, m\u00e1s de la mitad, el 54,1% reconoce que lo hizo \u00abpor motivos de estudio\u00bb. En fin, como en las pel\u00edculas americanas: \u00abno hay m\u00e1s preguntas, se\u00f1or\u00eda\u00bb.<\/p>\n<p>En \u2018El cuaderno gris\u2019 cuenta Josep Pla la sorpresa que le caus\u00f3 la lectura en enero de 1919 de \u2018Vida de Don Quijote y Sancho\u2019, donde Unamuno presenta a Cervantes como \u00abun p\u00edcaro\u00bb mientras que X\u00e8nius (Eugenio d\u2019Ors) sosten\u00eda que Cervantes es un \u2018p\u00edcaro\u2019 \u00abque se convierte, en la segunda parte de la obra, en un ir\u00f3nico tr\u00e9molo de blando sentimentalismo\u00bb. A m\u00ed lo que me llama la atenci\u00f3n sin embargo es la interrogaci\u00f3n que abre unas l\u00edneas m\u00e1s abajo el propio Pla: \u00abMe pregunto por qu\u00e9 raz\u00f3n no se habla nunca de Cervantes tal como realmente fue: un hombre muerto de hambre, de asco y de tristeza. Es la impresi\u00f3n que da permanentemente a cualquier persona normal que lo lea\u00bb.<\/p>\n<p>Desde hace a\u00f1os conservo un facs\u00edmil del memorial que Cervantes dirigi\u00f3 en mayo de 1590 al Presidente del Consejo de Indias solicitando que se le concediera alg\u00fan puesto en Am\u00e9rica en compensaci\u00f3n por sus muchos servicios prestados a Su Majestad tras haber combatido en Italia, haber sido herido en la batalla naval de Lepanto, su paso por T\u00fanez y Or\u00e1n, sus a\u00f1os de cautivo en Argel despu\u00e9s de ser capturado en la galera Sol, hasta sus servicios en Portugal o en Sevilla. De ese texto, de casi la misma extensi\u00f3n que una de nuestras Carta al Director, lo que me asombra es la capacidad para resumir en pocas l\u00edneas una vida tan densa como la de Miguel Cervantes a sus 43 a\u00f1os de edad, y sobre todo la respuesta que obtiene del Consejo de Indias, la fr\u00eda y escueta anotaci\u00f3n  al margen de la instancia en la que se resuelve la negativa \u00fanicamente con nueve palabras: \u00abBusque por ac\u00e1 en que se le haga merced\u00bb. Es decir, llame a otra puerta para ver si le atienden.<\/p>\n<p>Con a\u00f1os y d\u00edas internacionales para todo, \u00bfc\u00f3mo no un a\u00f1o Cervantes? Desde luego que s\u00ed. Porque la mejor forma de homenajear a un autor es leyendo su obra, en especial \u2018El Quijote\u2019, ese libro genial que de ni\u00f1o  hace re\u00edr, de joven hace pensar y de viejo hace llorar.<\/p>\n<!-- AddThis Advanced Settings generic via filter on the_content --><!-- AddThis Share Buttons generic via filter on the_content -->","protected":false},"excerpt":{"rendered":"<p>Espa\u00f1a tiene una deuda con Cervantes y temo que no se saldar\u00e1 en este 2016 en que se cumplen 400 a\u00f1os de su muerte. En un pa\u00eds donde la factura con \u2018El Quijote\u2019 encabeza desde hace siglos la monta\u00f1a de impagados el compromiso con su autor es a\u00fan m\u00e1s grande pues su figura permanece sepultada [&hellip;]<!-- AddThis Advanced Settings generic via filter on get_the_excerpt --><!-- AddThis Share Buttons generic via filter on get_the_excerpt --><\/p>\n","protected":false},"author":13,"featured_media":0,"comment_status":"open","ping_status":"closed","sticky":false,"template":"","format":"standard","meta":[],"categories":[1],"tags":[307,386,422,697,739,848,1294,1365],"_links":{"self":[{"href":"https:\/\/blogs.hoy.es\/Juandomingofernandez\/wp-json\/wp\/v2\/posts\/573"}],"collection":[{"href":"https:\/\/blogs.hoy.es\/Juandomingofernandez\/wp-json\/wp\/v2\/posts"}],"about":[{"href":"https:\/\/blogs.hoy.es\/Juandomingofernandez\/wp-json\/wp\/v2\/types\/post"}],"author":[{"embeddable":true,"href":"https:\/\/blogs.hoy.es\/Juandomingofernandez\/wp-json\/wp\/v2\/users\/13"}],"replies":[{"embeddable":true,"href":"https:\/\/blogs.hoy.es\/Juandomingofernandez\/wp-json\/wp\/v2\/comments?post=573"}],"version-history":[{"count":0,"href":"https:\/\/blogs.hoy.es\/Juandomingofernandez\/wp-json\/wp\/v2\/posts\/573\/revisions"}],"wp:attachment":[{"href":"https:\/\/blogs.hoy.es\/Juandomingofernandez\/wp-json\/wp\/v2\/media?parent=573"}],"wp:term":[{"taxonomy":"category","embeddable":true,"href":"https:\/\/blogs.hoy.es\/Juandomingofernandez\/wp-json\/wp\/v2\/categories?post=573"},{"taxonomy":"post_tag","embeddable":true,"href":"https:\/\/blogs.hoy.es\/Juandomingofernandez\/wp-json\/wp\/v2\/tags?post=573"}],"curies":[{"name":"wp","href":"https:\/\/api.w.org\/{rel}","templated":true}]}}