{"id":575,"date":"2016-01-21T21:31:14","date_gmt":"2016-01-21T20:31:14","guid":{"rendered":"http:\/\/blogs.hoy.es\/Juandomingofernandez\/?p=575"},"modified":"2016-01-21T21:31:14","modified_gmt":"2016-01-21T20:31:14","slug":"arquimedes-la-rana-y-el-escorpion","status":"publish","type":"post","link":"https:\/\/blogs.hoy.es\/Juandomingofernandez\/2016\/01\/21\/arquimedes-la-rana-y-el-escorpion\/","title":{"rendered":"Arqu\u00edmedes, la rana y el escorpi\u00f3n"},"content":{"rendered":"<p>Se cuenta que Arqu\u00edmedes dijo para explicar la ley de la palanca: \u00abDenme un punto de apoyo y mover\u00e9 el mundo\u00bb. Tal vez sea una leyenda. Lo que s\u00ed afirm\u00f3 en relaci\u00f3n a esa <a href=\"https:\/\/es.wikipedia.org\/wiki\/Arqu%C3%ADmedes\" target=\"_blank\">ley<\/a> es que \u00ablas magnitudes est\u00e1n en equilibrio a distancias rec\u00edprocamente proporcionales a sus pesos\u00bb. Como en el Congreso de los Diputados.<br \/>\nSucede que las palancas estrictamente \u2018ideol\u00f3gicas\u2019 pueden variar los equilibrios sin que se respete la proporcionalidad del peso. Y  no s\u00e9 bien si puede alcanzarse la estabilidad sobre criterios estrictamente ideol\u00f3gicos, pero no aritm\u00e9ticos, o a la inversa: si podr\u00edamos confiar en un equilibrio fundado en simples razones aritm\u00e9ticas y no ideol\u00f3gicas. Ustedes me entienden.<br \/>\n\u00bfDebe abstenerse el PSOE, sin m\u00e1s subterfugios y dejar gobernar al partido que gan\u00f3 el 20 D aunque lo hiciera sin mayor\u00eda absoluta, o debe aprovechar la severa derrota para hacer de la necesidad virtud y procurarse aliados entre todos las formaciones salvo en el Partido Popular? Mi opini\u00f3n personal es que lo menos da\u00f1ino para el PSOE (al menos para un PSOE  encabezado por Pedro S\u00e1nchez) ser\u00eda permitir la investidura de un dirigente del partido que gan\u00f3 las elecciones y afrontar la jefatura de la oposici\u00f3n durante la pr\u00f3xima legislatura con rigor, eficacia y trabajo. Con ideas y generosidad. Ejercitando al PSOE  en la adversidad y en la traves\u00eda de un desierto del que<br \/>\n\u2013si sobrevive\u2013, saldr\u00eda reforzado y legitimado por la trayectoria moral.<br \/>\nPor el ejemplo.<br \/>\nElegir otra salida del laberinto y aliarse con fuerzas ideol\u00f3gica y aritm\u00e9ticamente muy heterog\u00e9neas podr\u00edan convertir a Pedro S\u00e1nchez en uno de los personajes de la f\u00e1bula <a href=\"https:\/\/es.wikipedia.org\/wiki\/El_escorpi%C3%B3n_y_la_rana\" target=\"_blank\">\u2018La rana y el escorpi\u00f3n\u2019<\/a>. Para cruzar la charca, el escorpi\u00f3n le pide a la rana que le lleve sobre su espalda. La rana se niega aduciendo que entonces le iba a picar. El escorpi\u00f3n contesta que no har\u00e1 eso, pues ambos se hundir\u00edan y morir\u00edan. Finalmente la rana acepta y cuando van a mitad de trayecto le clava el aguij\u00f3n y ella pregunta sorprendida: \u00ab\u00bfPor qu\u00e9 lo has hecho? Ahora moriremos los dos\u00bb. El escorpi\u00f3n responde: \u00abNo he podido evitarlo, picar est\u00e1 en mi naturaleza\u00bb.<br \/>\nLa vieja f\u00e1bula de la rana y el escorpi\u00f3n se ha citado mucho durante las \u00faltimas semanas, siempre atribuyendo a Pedro S\u00e1nchez el papel de rana y a Podemos y a los nacionalistas el de escorpi\u00f3n. \u00bfAcaso cabe otro elenco? La percepci\u00f3n mayoritaria seg\u00fan las \u00faltimas encuestas es que el PSOE  de Pedro S\u00e1nchez resultar\u00eda \u2018fagocitado\u2019 por Podemos si se repiten las elecciones o si \u00e9l se aviene a un pacto con la formaci\u00f3n morada para poder ser investido presidente. Resumido al modo popular: te pongas como te pongas, te pilla el toro. \u00bfPero qu\u00e9 ocurrir\u00eda si en este caso tambi\u00e9n las apariencias enga\u00f1an y el reparto de papeles en la f\u00e1bula de la rana y el escorpi\u00f3n no es el correcto? \u00bfQu\u00e9 ocurrir\u00eda si el actual l\u00edder del PSOE  es investido y los acontecimientos demuestran al final que en vez de rana \u00e9l era el escorpi\u00f3n? \u00bfPicar\u00eda?<\/p>\n<!-- AddThis Advanced Settings generic via filter on the_content --><!-- AddThis Share Buttons generic via filter on the_content -->","protected":false},"excerpt":{"rendered":"<p>Se cuenta que Arqu\u00edmedes dijo para explicar la ley de la palanca: \u00abDenme un punto de apoyo y mover\u00e9 el mundo\u00bb. Tal vez sea una leyenda. Lo que s\u00ed afirm\u00f3 en relaci\u00f3n a esa ley es que \u00ablas magnitudes est\u00e1n en equilibrio a distancias rec\u00edprocamente proporcionales a sus pesos\u00bb. Como en el Congreso de los [&hellip;]<!-- AddThis Advanced Settings generic via filter on get_the_excerpt --><!-- AddThis Share Buttons generic via filter on get_the_excerpt --><\/p>\n","protected":false},"author":13,"featured_media":0,"comment_status":"open","ping_status":"closed","sticky":false,"template":"","format":"standard","meta":[],"categories":[1],"tags":[102,422,618,643,892,905,948,1015,1028,1060],"_links":{"self":[{"href":"https:\/\/blogs.hoy.es\/Juandomingofernandez\/wp-json\/wp\/v2\/posts\/575"}],"collection":[{"href":"https:\/\/blogs.hoy.es\/Juandomingofernandez\/wp-json\/wp\/v2\/posts"}],"about":[{"href":"https:\/\/blogs.hoy.es\/Juandomingofernandez\/wp-json\/wp\/v2\/types\/post"}],"author":[{"embeddable":true,"href":"https:\/\/blogs.hoy.es\/Juandomingofernandez\/wp-json\/wp\/v2\/users\/13"}],"replies":[{"embeddable":true,"href":"https:\/\/blogs.hoy.es\/Juandomingofernandez\/wp-json\/wp\/v2\/comments?post=575"}],"version-history":[{"count":0,"href":"https:\/\/blogs.hoy.es\/Juandomingofernandez\/wp-json\/wp\/v2\/posts\/575\/revisions"}],"wp:attachment":[{"href":"https:\/\/blogs.hoy.es\/Juandomingofernandez\/wp-json\/wp\/v2\/media?parent=575"}],"wp:term":[{"taxonomy":"category","embeddable":true,"href":"https:\/\/blogs.hoy.es\/Juandomingofernandez\/wp-json\/wp\/v2\/categories?post=575"},{"taxonomy":"post_tag","embeddable":true,"href":"https:\/\/blogs.hoy.es\/Juandomingofernandez\/wp-json\/wp\/v2\/tags?post=575"}],"curies":[{"name":"wp","href":"https:\/\/api.w.org\/{rel}","templated":true}]}}