{"id":577,"date":"2016-01-28T21:50:16","date_gmt":"2016-01-28T20:50:16","guid":{"rendered":"http:\/\/blogs.hoy.es\/Juandomingofernandez\/?p=577"},"modified":"2016-01-28T21:50:16","modified_gmt":"2016-01-28T20:50:16","slug":"palabras-negociacion-y-respeto","status":"publish","type":"post","link":"https:\/\/blogs.hoy.es\/Juandomingofernandez\/2016\/01\/28\/palabras-negociacion-y-respeto\/","title":{"rendered":"Palabras, negociaci\u00f3n y respeto"},"content":{"rendered":"<p>\u00abHablar, tienen que hablar\u00bb. Ese es, resumido, el argumento central de la pol\u00edtica espa\u00f1ola desde hace m\u00e1s de un mes. El mantra del universo opinante. Que hablen los de derechas y los de izquierdas, los de centro y los nacionalistas. Los que defienden la unidad de Espa\u00f1a y los que est\u00e1n decididos a desunirla mediante procesos de \u2018desconexi\u00f3n\u2019. Que hablen los que no est\u00e1n dispuestos a que todo siga igual y los que est\u00e1n dispuestos a que todo cambie. Que hablen quienes van a poner coto de una vez a la corrupci\u00f3n y los que adem\u00e1s de poner coto van a exigir que se devuelva lo robado. Que hablen los que han visto c\u00f3mo sus hijos se han tenido que ir ya al extranjero para buscarse la vida y los que conf\u00edan en que sus hijos no tendr\u00e1n que hacerlo. Que hablen quienes creen en Merkel, en la troika y en la UE actual y quienes creen que hay modelos m\u00e1s aconsejables en pa\u00edses con reg\u00edmenes personalistas que encima son grandes productores de petr\u00f3leo. Que hablen quienes saben c\u00f3mo puede instaurarse la sanidad universal y la educaci\u00f3n gratuita sin necesidad de instaurar una dictadura y los que aspiran realmente a una sociedad m\u00e1s igualitaria y m\u00e1s justa. Que hablen los que conf\u00edan en un Estado moderno que garantice la justicia distributiva y los que sue\u00f1an con mantener derechos que solo se justifican en una \u2018casa com\u00fan\u2019, es decir, en un pa\u00eds solidario y una Europa comprometida con los derechos humanos.<br \/>\nQue los diputados\/as hablen ahora y traten de conciliar el resultado de las urnas con sentido de la responsabilidad y a ser posible sin demasiadas sobreactuaciones, tan da\u00f1inas en la percepci\u00f3n del hombre de la calle a la hora de determinar lo que debe considerarse relevante en pol\u00edtica y lo que es mera puesta en escena, pura filfa y postureo.<br \/>\nEs necesario hablar. Con buenas palabras se puede negociar, pero para alcanzar resultados hace falta adem\u00e1s de palabras, buenas obras. La pedagog\u00eda del ejemplo. Con buenas palabras se puede negociar, pero para engrandecerse se requieren buenas obras. Dec\u00eda Albertine Necker de Saussure que \u00ablas palabras ofenden m\u00e1s que las acciones, el tono m\u00e1s que las palabras y el aire m\u00e1s que el tono\u00bb.<br \/>\nBasta con rememorar algunos episodios vividos estos d\u00edas en el Congreso de los Diputados, como la escacharrante presentaci\u00f3n de ministros \u2018avant la lettre\u2019 \u2013m\u00e1s propia de una comedia de enredos que de una iniciativa pol\u00edtica responsable\u2013, para comprender lo significativo que son aparte de las palabras, el tono y el aire con que se dicen. No caben m\u00e1s desencuentros. Aqu\u00ed no puede aplicarse la estrategia de aquel cura del chiste que en su controversia con un fiel discrepante le abrum\u00f3 desde el p\u00falpito con exabruptos tan abultados que requirieron la intervenci\u00f3n del obispo para pacificarlos. El cura justificaba su actitud como lo m\u00e1s natural: \u00ab\u00c9l me insulta, yo me cago en sus muertos y ya est\u00e1 el l\u00edo armado, se\u00f1or obispo\u00bb.<\/p>\n<!-- AddThis Advanced Settings generic via filter on the_content --><!-- AddThis Share Buttons generic via filter on the_content -->","protected":false},"excerpt":{"rendered":"<p>\u00abHablar, tienen que hablar\u00bb. Ese es, resumido, el argumento central de la pol\u00edtica espa\u00f1ola desde hace m\u00e1s de un mes. El mantra del universo opinante. Que hablen los de derechas y los de izquierdas, los de centro y los nacionalistas. Los que defienden la unidad de Espa\u00f1a y los que est\u00e1n decididos a desunirla mediante [&hellip;]<!-- AddThis Advanced Settings generic via filter on get_the_excerpt --><!-- AddThis Share Buttons generic via filter on get_the_excerpt --><\/p>\n","protected":false},"author":13,"featured_media":0,"comment_status":"open","ping_status":"closed","sticky":false,"template":"","format":"standard","meta":[],"categories":[1],"tags":[27,44,270,274,319,391,422,905,1015],"_links":{"self":[{"href":"https:\/\/blogs.hoy.es\/Juandomingofernandez\/wp-json\/wp\/v2\/posts\/577"}],"collection":[{"href":"https:\/\/blogs.hoy.es\/Juandomingofernandez\/wp-json\/wp\/v2\/posts"}],"about":[{"href":"https:\/\/blogs.hoy.es\/Juandomingofernandez\/wp-json\/wp\/v2\/types\/post"}],"author":[{"embeddable":true,"href":"https:\/\/blogs.hoy.es\/Juandomingofernandez\/wp-json\/wp\/v2\/users\/13"}],"replies":[{"embeddable":true,"href":"https:\/\/blogs.hoy.es\/Juandomingofernandez\/wp-json\/wp\/v2\/comments?post=577"}],"version-history":[{"count":0,"href":"https:\/\/blogs.hoy.es\/Juandomingofernandez\/wp-json\/wp\/v2\/posts\/577\/revisions"}],"wp:attachment":[{"href":"https:\/\/blogs.hoy.es\/Juandomingofernandez\/wp-json\/wp\/v2\/media?parent=577"}],"wp:term":[{"taxonomy":"category","embeddable":true,"href":"https:\/\/blogs.hoy.es\/Juandomingofernandez\/wp-json\/wp\/v2\/categories?post=577"},{"taxonomy":"post_tag","embeddable":true,"href":"https:\/\/blogs.hoy.es\/Juandomingofernandez\/wp-json\/wp\/v2\/tags?post=577"}],"curies":[{"name":"wp","href":"https:\/\/api.w.org\/{rel}","templated":true}]}}