{"id":58,"date":"2006-11-25T00:37:41","date_gmt":"2006-11-25T00:37:41","guid":{"rendered":"http:\/\/blogs.hoy.es\/Juandomingofernandez\/?p=58"},"modified":"2006-11-25T00:37:41","modified_gmt":"2006-11-25T00:37:41","slug":"en-zona-sombra","status":"publish","type":"post","link":"https:\/\/blogs.hoy.es\/Juandomingofernandez\/2006\/11\/25\/en-zona-sombra\/","title":{"rendered":"En la zona de sombra"},"content":{"rendered":"<p class=\"MsoNormal\"><font face=\"Times New Roman\" size=\"4\">Es el<br \/>\ntercer d\u00eda que C\u00e9sar, al regresar del colegio, se encierra en su habitaci\u00f3n.<br \/>\nC\u00e9sar acaba de cumplir once a\u00f1os y es un ni\u00f1o t\u00edmido, inteligente y algo<br \/>\nretra\u00eddo. A su madre le ha salido de ojo que nada m\u00e1s llegar a casa se refugie<br \/>\nen su cuarto sin gastarle alguna broma o sin asaltar impetuoso y apresurado, como<br \/>\nhace todos los d\u00edas, el frigor\u00edfico. Su madre cree que C\u00e9sar hubiera necesitado<br \/>\nun hermano, pero sabe que ya es dif\u00edcil que escape a su condici\u00f3n de hijo<br \/>\n\u00fanico. <\/font><\/p>\n<p class=\"MsoNormal\"><font face=\"Times New Roman\" size=\"4\">&nbsp;&nbsp; C\u00e9sar desmiente con una mueca forzada que le<br \/>\nocurra algo; pero ella sospecha que no es verdad, pues ha desaparecido de su<br \/>\nrostro esa luz del ni\u00f1o que crece confiado. El padre de C\u00e9sar ha tratado de<br \/>\nrestarle importancia al asunto: &#8220;Ya sabes como son los ni\u00f1os, hay momentos en que<br \/>\nles cambia el car\u00e1cter&#8221;. <\/font><\/p>\n<p><font face=\"Times New Roman\" size=\"4\">&nbsp;&nbsp; Ella est\u00e1<br \/>\nalarmada y presiente que le est\u00e1 ocultando algo serio, &#8220;eso lo sabemos las<br \/>\nmadres&#8221; se dice para s\u00ed. Hoy ha decidido &#8216;espiarle&#8217;. Aprovechando las horas de<br \/>\ncole entr\u00f3 en su ordenador y ha revisado varias de sus carpetas. Le han bastado<br \/>\ncinco minutos para descubrir el secreto: C\u00e9sar &#8216;colecciona&#8217; noticias sobre<br \/>\nagresiones a menores que se baja de las ediciones digitales de los peri\u00f3dicos.<br \/>\nLos t\u00edtulos conducen a un universo de desdichas: &#8220;Hospitalizado un ni\u00f1o de<br \/>\nCartagena golpeado por sus compa\u00f1eros&#8221;, &#8220;Escolares vascos reciben escolta<br \/>\npolicial para evitar el acoso de sus compa\u00f1eros&#8221;. Hay decenas de casos<br \/>\nsimilares. La madre de C\u00e9sar lee: &#8220;El v\u00eddeo de un alumno con s\u00edndrome de Down<br \/>\nvejado en el colegio sacude a Italia. Sus compa\u00f1eros le pegaron, se burlaron de<br \/>\n\u00e9l y pusieron las im\u00e1genes en la secci\u00f3n de &#8216;Divertidos&#8217; de Google&#8221;. No ha soportado<br \/>\nla lectura de ese texto pavoroso. Se ha echado sobre la cama del ni\u00f1o y ha<br \/>\nsentido, con una tristeza inconsolable, que el llanto y las l\u00e1grimas se mezclaban<br \/>\ncon el perfume infantil de C\u00e9sar, su \u00fanico hijo.<\/font><\/p>\n<!-- AddThis Advanced Settings generic via filter on the_content --><!-- AddThis Share Buttons generic via filter on the_content -->","protected":false},"excerpt":{"rendered":"<p>Es el tercer d\u00eda que C\u00e9sar, al regresar del colegio, se encierra en su habitaci\u00f3n. C\u00e9sar acaba de cumplir once a\u00f1os y es un ni\u00f1o t\u00edmido, inteligente y algo retra\u00eddo. A su madre le ha salido de ojo que nada m\u00e1s llegar a casa se refugie en su cuarto sin gastarle alguna broma o sin [&hellip;]<!-- AddThis Advanced Settings generic via filter on get_the_excerpt --><!-- AddThis Share Buttons generic via filter on get_the_excerpt --><\/p>\n","protected":false},"author":13,"featured_media":0,"comment_status":"open","ping_status":"closed","sticky":false,"template":"","format":"standard","meta":[],"categories":[2],"tags":[],"_links":{"self":[{"href":"https:\/\/blogs.hoy.es\/Juandomingofernandez\/wp-json\/wp\/v2\/posts\/58"}],"collection":[{"href":"https:\/\/blogs.hoy.es\/Juandomingofernandez\/wp-json\/wp\/v2\/posts"}],"about":[{"href":"https:\/\/blogs.hoy.es\/Juandomingofernandez\/wp-json\/wp\/v2\/types\/post"}],"author":[{"embeddable":true,"href":"https:\/\/blogs.hoy.es\/Juandomingofernandez\/wp-json\/wp\/v2\/users\/13"}],"replies":[{"embeddable":true,"href":"https:\/\/blogs.hoy.es\/Juandomingofernandez\/wp-json\/wp\/v2\/comments?post=58"}],"version-history":[{"count":0,"href":"https:\/\/blogs.hoy.es\/Juandomingofernandez\/wp-json\/wp\/v2\/posts\/58\/revisions"}],"wp:attachment":[{"href":"https:\/\/blogs.hoy.es\/Juandomingofernandez\/wp-json\/wp\/v2\/media?parent=58"}],"wp:term":[{"taxonomy":"category","embeddable":true,"href":"https:\/\/blogs.hoy.es\/Juandomingofernandez\/wp-json\/wp\/v2\/categories?post=58"},{"taxonomy":"post_tag","embeddable":true,"href":"https:\/\/blogs.hoy.es\/Juandomingofernandez\/wp-json\/wp\/v2\/tags?post=58"}],"curies":[{"name":"wp","href":"https:\/\/api.w.org\/{rel}","templated":true}]}}