{"id":580,"date":"2016-02-11T22:53:35","date_gmt":"2016-02-11T21:53:35","guid":{"rendered":"http:\/\/blogs.hoy.es\/Juandomingofernandez\/?p=580"},"modified":"2016-02-11T22:53:35","modified_gmt":"2016-02-11T21:53:35","slug":"gramsci-y-el-raton","status":"publish","type":"post","link":"https:\/\/blogs.hoy.es\/Juandomingofernandez\/2016\/02\/11\/gramsci-y-el-raton\/","title":{"rendered":"Gramsci y el rat\u00f3n"},"content":{"rendered":"<p>Lo que importa es el tiempo, el ritmo de los acontecimientos, el discurrir de la vida. Antonio Gramsci lo resumi\u00f3 con menos palabras: \u00abEl tiempo es lo m\u00e1s importante: es un simple sin\u00f3nimo de la vida misma\u00bb. He recordado esas palabras del fil\u00f3sofo y pol\u00edtico italiano al hilo del inteligente <a href=\"http:\/\/www.bez.es\/754894194\/Podemos-en-la-encrucijada.html?origin=newsletter&#038;id=20&#038;tipo=3&#038;identificador=754894194&#038;id_boletin=127775914&#038;cod_suscriptor=864091503&#038;email=jdfernandez@hoy.es\" target=\"_blank\">art\u00edculo<\/a> que firma el economista y periodista Ignacio Muro en el digital \u2018bez\u2019, donde analiza la particular \u00abencrucijada\u00bb en que se encuentra Podemos ante el dilema hist\u00f3rico de pactar o no con un PSOE  que con toda probabilidad tambi\u00e9n lo har\u00e1 a su vez con Ciudadanos.<br \/>\nAl margen de aspectos como el itinerario pol\u00edtico y electoral que se abren a la principal formaci\u00f3n de izquierda y a los movimientos emergentes, el trabajo de Muro repara en una circunstancia que para m\u00ed es clave y determinante: la imperiosa necesidad de ganar tiempo que acucia al PSOE y a Podemos. Una situaci\u00f3n seg\u00fan Muro que exige \u00abinteligencia y paciencia y, sobre todo, equipos cohesionados y liderazgos claros capaces de generar confianza. Ninguno de los dos puede desgastarse en luchas est\u00e9riles. Los dos necesitan ganar tiempo mientras colaboran. Pedro S\u00e1nchez debe consolidarse como secretario general del PSOE pero tambi\u00e9n Podemos debe cohesionar mucho m\u00e1s sus equipos y espacios de influencia, algo que necesita tiempo y energ\u00edas\u00bb.<br \/>\nDe ah\u00ed que ambos \u2018desaconsejen\u2019 la celebraci\u00f3n de nuevas elecciones no con la boca chica sino quiz\u00e1s como consecuencia l\u00f3gica de que el platillo de la incertidumbre de hoy pesa m\u00e1s en la balanza que el de las expectativas de ma\u00f1ana. O dicho al estilo humor\u00edstico con que se vaticina en M\u00e9xico: \u00abLo m\u00e1s seguro es que qui\u00e9n sabe\u00bb.<br \/>\nAunque a corto plazo podr\u00eda \u2018tener raz\u00f3n\u2019 <a href=\"https:\/\/es.wikipedia.org\/wiki\/Antonio_Gramsci\" target=\"_blank\">Gramsci<\/a> y ser el tiempo el factor m\u00e1s relevante para consolidar estrategias comunes y acuerdos entre PSOE  y Podemos, yo estoy convencido como los griegos cl\u00e1sicos que el destino es el car\u00e1cter, y el car\u00e1cter es lo \u00fanico que perdura en el hombre. \u00bfEl paso de los d\u00edas contribuir\u00e1 a que Pedro S\u00e1nchez se acabe revelando como un l\u00edder firme, capaz? La tenacidad es una condici\u00f3n necesaria pero no suficiente. La sentencia de Marx (Groucho) aguarda a la vuelta de la esquina: \u00abSurgiendo de la nada hemos alcanzado las m\u00e1s altas cimas de la miseria\u00bb. Los partidos pol\u00edticos reclaman \u2013me parece que casi por principio\u2013 liderazgos fuertes, que no quiere decir \u2018autoritarios\u2019. Al l\u00edder se le exige la suficiente mano izquierda para conmover y la suficiente mano derecha para usar la firmeza aunque sea dentro de un guante de seda.<br \/>\nSeguramente Pedro S\u00e1nchez no  va a examinarse en su particular rev\u00e1lida con Mariano Rajoy (contra el que corre el reloj y la imagen de un partido agujereado por los casos de corrupci\u00f3n) sino con Pablo Iglesias, un ejercitado \u2018populista\u2019, ducho en las puestas en escena de la \u2018nueva pol\u00edtica\u2019. En este punto es cuando me acuerdo de Pedro S\u00e1nchez y de lo que dec\u00eda <a href=\"https:\/\/es.wikipedia.org\/wiki\/Graham_Greene\" target=\"_blank\">Graham Greene<\/a>: \u00abNunca convencer\u00e1s a un rat\u00f3n de que un gato negro trae buena suerte\u00bb. Y yo sospecho qui\u00e9n es el gato.<\/p>\n<!-- AddThis Advanced Settings generic via filter on the_content --><!-- AddThis Share Buttons generic via filter on the_content -->","protected":false},"excerpt":{"rendered":"<p>Lo que importa es el tiempo, el ritmo de los acontecimientos, el discurrir de la vida. Antonio Gramsci lo resumi\u00f3 con menos palabras: \u00abEl tiempo es lo m\u00e1s importante: es un simple sin\u00f3nimo de la vida misma\u00bb. He recordado esas palabras del fil\u00f3sofo y pol\u00edtico italiano al hilo del inteligente art\u00edculo que firma el economista [&hellip;]<!-- AddThis Advanced Settings generic via filter on get_the_excerpt --><!-- AddThis Share Buttons generic via filter on get_the_excerpt --><\/p>\n","protected":false},"author":13,"featured_media":0,"comment_status":"open","ping_status":"closed","sticky":false,"template":"","format":"standard","meta":[],"categories":[1],"tags":[319,422,547,548,760,945,948,963,978,1015,1024,1197],"_links":{"self":[{"href":"https:\/\/blogs.hoy.es\/Juandomingofernandez\/wp-json\/wp\/v2\/posts\/580"}],"collection":[{"href":"https:\/\/blogs.hoy.es\/Juandomingofernandez\/wp-json\/wp\/v2\/posts"}],"about":[{"href":"https:\/\/blogs.hoy.es\/Juandomingofernandez\/wp-json\/wp\/v2\/types\/post"}],"author":[{"embeddable":true,"href":"https:\/\/blogs.hoy.es\/Juandomingofernandez\/wp-json\/wp\/v2\/users\/13"}],"replies":[{"embeddable":true,"href":"https:\/\/blogs.hoy.es\/Juandomingofernandez\/wp-json\/wp\/v2\/comments?post=580"}],"version-history":[{"count":0,"href":"https:\/\/blogs.hoy.es\/Juandomingofernandez\/wp-json\/wp\/v2\/posts\/580\/revisions"}],"wp:attachment":[{"href":"https:\/\/blogs.hoy.es\/Juandomingofernandez\/wp-json\/wp\/v2\/media?parent=580"}],"wp:term":[{"taxonomy":"category","embeddable":true,"href":"https:\/\/blogs.hoy.es\/Juandomingofernandez\/wp-json\/wp\/v2\/categories?post=580"},{"taxonomy":"post_tag","embeddable":true,"href":"https:\/\/blogs.hoy.es\/Juandomingofernandez\/wp-json\/wp\/v2\/tags?post=580"}],"curies":[{"name":"wp","href":"https:\/\/api.w.org\/{rel}","templated":true}]}}