{"id":583,"date":"2016-03-03T21:21:03","date_gmt":"2016-03-03T20:21:03","guid":{"rendered":"http:\/\/blogs.hoy.es\/Juandomingofernandez\/?p=583"},"modified":"2016-03-03T21:21:03","modified_gmt":"2016-03-03T20:21:03","slug":"goya-en-caceres","status":"publish","type":"post","link":"https:\/\/blogs.hoy.es\/Juandomingofernandez\/2016\/03\/03\/goya-en-caceres\/","title":{"rendered":"GOYA EN C\u00c1CERES"},"content":{"rendered":"<p>La <a href=\"https:\/\/es.wikipedia.org\/wiki\/Fundaci%C3%B3n_Mercedes_Calles_y_Carlos_Ballestero\" target=\"_blank\">Fundaci\u00f3n Mercedes Calles<\/a> regal\u00f3 ayer a C\u00e1ceres la posibilidad de dos viajes, uno real y otro imaginario. El real est\u00e1 formado por los <a href=\"http:\/\/www.hoy.es\/caceres\/201603\/03\/mercedes-calles-amplia-oferta-20160303002011-v.html\" target=\"_blank\">218 grabados de Goya<\/a> pertenecientes a las series \u2018Los Caprichos\u2019, \u2018Desastres de la Guerra\u2019, \u2018La Tauromaquia\u2019 y \u2018Los Disparates\u2019. El viaje imaginario puede hacerlo cada espectador de la muestra al recrear grabado a grabado la Espa\u00f1a que dibuj\u00f3 Goya y establecer \u2013sin prejuicios\u2013 la distancia que nos separa de aquel pa\u00eds y de aquella gente.<br \/>\n\u00abEl sue\u00f1o de la raz\u00f3n produce monstruos\u00bb, proclama uno de sus m\u00e1s famosos grabados. Y \u00e9l mismo dej\u00f3 escrito: \u00abLa fantas\u00eda, aislada de la raz\u00f3n, s\u00f3lo produce monstruos imposibles. Unida a ella, en cambio, es la madre del arte y fuente de sus deseos\u00bb.<br \/>\nGoya no fue   un simple notario sino un testigo. La suya no es la mirada de esas c\u00e1maras autom\u00e1ticas que populariz\u00f3 la fotograf\u00eda el siglo pasado. Es la visi\u00f3n de un hombre que trasciende lo que ve porque sabe ordenarlo, interpretarlo y establecer su jerarqu\u00eda. Igual que el reportero ante una sucesi\u00f3n de hechos que precisan la \u2018raz\u00f3n\u2019, la inteligencia, para que no reflejen tan solo una sucesi\u00f3n de desgracias.<br \/>\nEsa atm\u00f3sfera antigua y esos detalles tan esencialmente b\u00e1rbaros que nos asombran en \u2018Los Desastres de la Guerra\u2019 no resultan tan macabros cuando reparamos en las hecatombes que acarrearon las dos \u00faltimas guerras mundiales o el apocalipsis en Europa de la guerra civil espa\u00f1ola, la guerra de los Balcanes o los sucesivos terrorismos (etarra, checheno, yihadista&#8230;) que  perturban la convivencia y la raz\u00f3n.<br \/>\nLa obra de Goya no puede considerarse optimista ni pesimista en s\u00ed misma. No es una respuesta, como toda gran creaci\u00f3n, plantea antes que nada interrogantes, preguntas. Y deja al espectador que sea \u00e9l quien saque las conclusiones. En ese sentido dir\u00edamos que Goya es adem\u00e1s de un pintor y grabador, un periodista. Un buen periodista que ofrece datos (hechos) para que el espectador reflexione sobre ellos.<br \/>\nNo obstante, siempre cabe el optimismo de quienes consideran enorme la distancia que separa a la Espa\u00f1a actual de aquella Espa\u00f1a que vivi\u00f3 y sufri\u00f3 el genial Francisco de Goya. Del mismo modo que cabe el pesimismo de quienes reparar\u00e1n en lo que se denomina la condici\u00f3n humana y concluir\u00e1n que en el fondo, en cuanto se rasca un poquito bajo la piel del hombre, asoma aquello que C\u00e9sar Vallejo dec\u00eda del hombre de Extremadura: \u00aboigo bajo tu piel el humo del lobo, \/ el humo de la especie\u00bb.<br \/>\nEn un pa\u00eds de excesos y pasiones desatadas en que se teatraliza con pasmosa frivolidad hasta las sesiones de investidura del presidente del Gobierno, Goya no hubiera parado de pintar.  Yo le imagino estos d\u00edas tomando apuntes en el Congreso de los Diputados para ilustrar, por ejemplo, los dos famosos \u2018Epitafios\u2019 de Ezra Pound: \u00abFu I amaba las colinas y las altas nubes, \/ \u00a1ay!, muri\u00f3 por culpa del alcohol\u00bb. \u00abY tambi\u00e9n Li Po muri\u00f3 borracho. \/ Intent\u00f3 abrazar la luna \/ en el r\u00edo Amarillo\u00bb. Aunque no s\u00e9 si los hubiera incluido en Los Disparates o en Los Proverbios.<\/p>\n<!-- AddThis Advanced Settings generic via filter on the_content --><!-- AddThis Share Buttons generic via filter on the_content -->","protected":false},"excerpt":{"rendered":"<p>La Fundaci\u00f3n Mercedes Calles regal\u00f3 ayer a C\u00e1ceres la posibilidad de dos viajes, uno real y otro imaginario. El real est\u00e1 formado por los 218 grabados de Goya pertenecientes a las series \u2018Los Caprichos\u2019, \u2018Desastres de la Guerra\u2019, \u2018La Tauromaquia\u2019 y \u2018Los Disparates\u2019. El viaje imaginario puede hacerlo cada espectador de la muestra al recrear [&hellip;]<!-- AddThis Advanced Settings generic via filter on get_the_excerpt --><!-- AddThis Share Buttons generic via filter on get_the_excerpt --><\/p>\n","protected":false},"author":13,"featured_media":0,"comment_status":"open","ping_status":"closed","sticky":false,"template":"","format":"standard","meta":[],"categories":[1],"tags":[179,222,270,422,459,543,544,998],"_links":{"self":[{"href":"https:\/\/blogs.hoy.es\/Juandomingofernandez\/wp-json\/wp\/v2\/posts\/583"}],"collection":[{"href":"https:\/\/blogs.hoy.es\/Juandomingofernandez\/wp-json\/wp\/v2\/posts"}],"about":[{"href":"https:\/\/blogs.hoy.es\/Juandomingofernandez\/wp-json\/wp\/v2\/types\/post"}],"author":[{"embeddable":true,"href":"https:\/\/blogs.hoy.es\/Juandomingofernandez\/wp-json\/wp\/v2\/users\/13"}],"replies":[{"embeddable":true,"href":"https:\/\/blogs.hoy.es\/Juandomingofernandez\/wp-json\/wp\/v2\/comments?post=583"}],"version-history":[{"count":0,"href":"https:\/\/blogs.hoy.es\/Juandomingofernandez\/wp-json\/wp\/v2\/posts\/583\/revisions"}],"wp:attachment":[{"href":"https:\/\/blogs.hoy.es\/Juandomingofernandez\/wp-json\/wp\/v2\/media?parent=583"}],"wp:term":[{"taxonomy":"category","embeddable":true,"href":"https:\/\/blogs.hoy.es\/Juandomingofernandez\/wp-json\/wp\/v2\/categories?post=583"},{"taxonomy":"post_tag","embeddable":true,"href":"https:\/\/blogs.hoy.es\/Juandomingofernandez\/wp-json\/wp\/v2\/tags?post=583"}],"curies":[{"name":"wp","href":"https:\/\/api.w.org\/{rel}","templated":true}]}}