{"id":584,"date":"2016-03-10T21:06:44","date_gmt":"2016-03-10T20:06:44","guid":{"rendered":"http:\/\/blogs.hoy.es\/Juandomingofernandez\/?p=584"},"modified":"2016-03-10T21:06:44","modified_gmt":"2016-03-10T20:06:44","slug":"584","status":"publish","type":"post","link":"https:\/\/blogs.hoy.es\/Juandomingofernandez\/2016\/03\/10\/584\/","title":{"rendered":"Banksy sin matraca"},"content":{"rendered":"<p>En uno de sus c\u00e9lebres autorretratos literarios dec\u00eda Garc\u00eda M\u00e1rquez que \u00e9l nunca hablaba de literatura porque no sab\u00eda lo que es y adem\u00e1s por estar convencido de que el mundo ser\u00eda igual sin literatura pero ser\u00eda muy distinto si no existiera la polic\u00eda, de modo que hubiera sido \u00abm\u00e1s \u00fatil a la humanidad si en vez de escritor fuera terrorista\u00bb.<br \/>\nEs un punto de vista singular. Y bien pensado, no tan extra\u00f1o. Me refiero a la sabia decisi\u00f3n de posponer la v\u00eda (ir\u00f3nica) del \u2018anarquismo\u2019 y apostar por la creaci\u00f3n art\u00edstica, que hizo posible que Garc\u00eda M\u00e1rquez acabara como un genio de la literatura y no como un simple Mateo Morral con guayabera. \u00abEl primer deber revolucionario del escritor es escribir bien\u00bb, afirm\u00f3 el propio Garc\u00eda M\u00e1rquez. A m\u00ed me parece que es el primer deber de cualquier escritor, al margen de revoluciones.<br \/>\nCreo que es lo que han hecho siempre los grandes creadores, de Picasso a Dostoievsky, de Borges a Banksy, del que quiero hablarles hoy. <a href=\"https:\/\/www.google.es\/search?q=banksy&#038;biw=1122&#038;bih=771&#038;source=lnms&#038;tbm=isch&#038;sa=X&#038;sqi=2&#038;ved=0ahUKEwiPquuB9bbLAhVG1BoKHdRnD8gQ_AUIBigB\" target=\"_blank\">Banksy<\/a> es el enigm\u00e1tico grafitero que lleva a\u00f1os luchando de manera pac\u00edfica, con las \u00fanicas armas de sus pinturas, contra esta sociedad consumista, contradictoria e hip\u00f3crita que abusa de la fuerza en los guetos de Nueva York, en la Palestina ocupada o estos d\u00edas en los campamentos de refugiados de Turqu\u00eda, Grecia y centroeuropa.<br \/>\nPerd\u00f3n por la cita pero hace casi ocho a\u00f1os, a finales de 2008, yo le dediqu\u00e9 en estas mismas p\u00e1ginas una columna a Banksy que titul\u00e9 <a href=\"https:\/\/blogs.hoy.es\/Juandomingofernandez\/2008\/07\/22\/la-matraca\/\" target=\"_blank\">\u2018La matraca\u2019<\/a>. Aprovech\u00e9 una noticia que ha vuelto a revivir ahora: el descubrimiento por un grupo de cient\u00edficos de la <a href=\"http:\/\/www.hoy.es\/culturas\/201603\/04\/banksy-desenmascarado-20160304213607-rc.html\" target=\"_blank\">(posible) identidad<\/a> del c\u00e9lebre grafitero an\u00f3nimo. Digamos que esa era la an\u00e9cdota, lo esencial se explica en pocas palabras: frente a una clase pol\u00edtica empe\u00f1ada en \u2018vendernos\u2019 sus promesas mediante ruedas de prensa y teatralizaciones m\u00faltiples, Banksy persiste firme en su trabajo convincente, silencioso y sobre todo genial para ahorrarnos la palabrer\u00eda y el egocentrismo atronador de la nueva pol\u00edtica con sus confluencias, medidas que las m\u00e1s de las veces solo concluyen en puro postureo, en coheter\u00eda de anarquismo de campus, vanidad y farfolla. \u00bfLes suena?<br \/>\nComo ya adelantara el peri\u00f3dico \u2018The Mail On Sunday\u2019 en 2008, detr\u00e1s del misterio Banksy se esconde  un empresario y artista nacido en Bristol hace 42 a\u00f1os, de nombre Robin Gunningham. Bueno \u00bfy qu\u00e9 m\u00e1s da? \u00bfEn qu\u00e9 cambia lo relevante? Al igual que tal vez  ocurri\u00f3 con Homero, Banksy es ya el nombre de muchos hombres. Una creaci\u00f3n colectiva. El autor de obras que alcanzan cifras astron\u00f3micas en las subastas de arte pero con las que \u00e9l, sin embargo, no comercia&#8230;<br \/>\nUn artista urbano, un agitador de conciencias solidario con su mundo y con su \u00e9poca. Comprometido con una manera de crear que le ha situado por m\u00e9ritos propios a la vanguardia del grafiti contempor\u00e1neo. Alguien que utiliza el trabajo en beneficio de la comunidad y no a la inversa. Alguien que crea sirviendo a los dem\u00e1s, no para que los dem\u00e1s le sirvan a \u00e9l. Y  sin matraca.<\/p>\n<!-- AddThis Advanced Settings generic via filter on the_content --><!-- AddThis Share Buttons generic via filter on the_content -->","protected":false},"excerpt":{"rendered":"<p>En uno de sus c\u00e9lebres autorretratos literarios dec\u00eda Garc\u00eda M\u00e1rquez que \u00e9l nunca hablaba de literatura porque no sab\u00eda lo que es y adem\u00e1s por estar convencido de que el mundo ser\u00eda igual sin literatura pero ser\u00eda muy distinto si no existiera la polic\u00eda, de modo que hubiera sido \u00abm\u00e1s \u00fatil a la humanidad si [&hellip;]<!-- AddThis Advanced Settings generic via filter on get_the_excerpt --><!-- AddThis Share Buttons generic via filter on get_the_excerpt --><\/p>\n","protected":false},"author":13,"featured_media":0,"comment_status":"open","ping_status":"closed","sticky":false,"template":"","format":"standard","meta":[],"categories":[1],"tags":[103,260,379,526,546,953,1027],"_links":{"self":[{"href":"https:\/\/blogs.hoy.es\/Juandomingofernandez\/wp-json\/wp\/v2\/posts\/584"}],"collection":[{"href":"https:\/\/blogs.hoy.es\/Juandomingofernandez\/wp-json\/wp\/v2\/posts"}],"about":[{"href":"https:\/\/blogs.hoy.es\/Juandomingofernandez\/wp-json\/wp\/v2\/types\/post"}],"author":[{"embeddable":true,"href":"https:\/\/blogs.hoy.es\/Juandomingofernandez\/wp-json\/wp\/v2\/users\/13"}],"replies":[{"embeddable":true,"href":"https:\/\/blogs.hoy.es\/Juandomingofernandez\/wp-json\/wp\/v2\/comments?post=584"}],"version-history":[{"count":0,"href":"https:\/\/blogs.hoy.es\/Juandomingofernandez\/wp-json\/wp\/v2\/posts\/584\/revisions"}],"wp:attachment":[{"href":"https:\/\/blogs.hoy.es\/Juandomingofernandez\/wp-json\/wp\/v2\/media?parent=584"}],"wp:term":[{"taxonomy":"category","embeddable":true,"href":"https:\/\/blogs.hoy.es\/Juandomingofernandez\/wp-json\/wp\/v2\/categories?post=584"},{"taxonomy":"post_tag","embeddable":true,"href":"https:\/\/blogs.hoy.es\/Juandomingofernandez\/wp-json\/wp\/v2\/tags?post=584"}],"curies":[{"name":"wp","href":"https:\/\/api.w.org\/{rel}","templated":true}]}}