{"id":585,"date":"2016-03-17T21:43:26","date_gmt":"2016-03-17T20:43:26","guid":{"rendered":"http:\/\/blogs.hoy.es\/Juandomingofernandez\/?p=585"},"modified":"2016-03-17T21:43:26","modified_gmt":"2016-03-17T20:43:26","slug":"seneca-y-las-nuevas-tecnologias","status":"publish","type":"post","link":"https:\/\/blogs.hoy.es\/Juandomingofernandez\/2016\/03\/17\/seneca-y-las-nuevas-tecnologias\/","title":{"rendered":"S\u00e9neca y las nuevas tecnolog\u00edas"},"content":{"rendered":"<p>Durante mis a\u00f1os de estudiante en Madrid alguien hab\u00eda dejado en la pared del piso donde viv\u00eda un peque\u00f1o cartel con una frase de S\u00e9neca que se me qued\u00f3 grabada para siempre: \u00abMayor soy y para mayores cosas nac\u00ed que para ser esclavo de este cuerpo\u00bb. Era la \u00e9poca en que los j\u00f3venes frecuent\u00e1bamos El Rastro y colg\u00e1bamos de las paredes \u2018p\u00f3sters\u2019 del Che, de la Extremadura emigrante y de las fiestas del 1\u00ba de Mayo junto a carteles de pel\u00edculas como \u2018Amarcord\u2019, de Fellini; \u2018Barry Lyndon\u2019, de Kubrick o \u2018Novecento\u2019, de Bernardo Bertolocci.<br \/>\nAquel cartelito con la frase de S\u00e9neca no dur\u00f3 mucho en el piso pero ante situaciones de dependencia o que exigen medidas de superaci\u00f3n personal aflora a mi memoria como un mantra sometido al efecto Paulov.<br \/>\nHace pocos d\u00edas volv\u00ed a recordarla tras leer en HOY la <a href=\"http:\/\/www.hoy.es\/sociedad\/201603\/13\/mucha-tecnologia-disena-para-20160313004429-v.html\" target=\"_blank\">entrevista a Nuria Oliver<\/a>, directora cient\u00edfica de Telef\u00f3nica I+D, madre de tres hijos, con un doctorado en el MIT, especialista en inteligencia artificial y reciente premio Ada Byron de la Universidad de Deusto. \u00abMis hijos no tienen m\u00f3vil. Ninguno. Ni el de casi 13 a\u00f1os. Y me dar\u00eda igual que lo tuvieran todos los ni\u00f1os de su clase. Nuestro tiempo es muy valioso y en casa damos mucha importancia al juego libre\u00bb. \u00ab\u00bfA qu\u00e9 edad le dar\u00e1 un m\u00f3vil a su hijo?\u00bb, le pregunta la periodista. Y  ella responde: \u00abCuando crea que tiene sentido que lo tenga. No podemos ignorar que gran parte de esta tecnolog\u00eda est\u00e1 dise\u00f1ada para ser adictiva. Por eso hay que ense\u00f1ar a desarrollar una gran capacidad de autocontrol, gratificaci\u00f3n retrasada, etc.\u00bb.<br \/>\nLa entrevista incluye tambi\u00e9n alguna reflexi\u00f3n sobre el uso del wasap y las relaciones familiares: \u00abNo tiene la riqueza de la conversaci\u00f3n cara a cara, elimina el lenguaje no verbal, las emociones&#8230; Por eso genera malos entendidos\u00bb, a\u00f1ade.<br \/>\nA m\u00ed me impresiona sobremanera la frase rotunda que sobrevuela toda la conversaci\u00f3n con Nuria Oliver: \u00abGran parte de esta tecnolog\u00eda est\u00e1 dise\u00f1ada para ser adictiva\u00bb. Repetimos: \u00abDise\u00f1ada para ser adictiva\u00bb. Quiz\u00e1s debieran grabarse tales palabras en la variada gama de dispositivos que inunda el mercado: \u00abDise\u00f1ado para ser adictivo\u00bb, igual que en las cajetillas de tabaco se nos previene de los riesgos potenciales: \u00abFumar perjudica gravemente su salud y la de los que est\u00e1n a su alrededor\u00bb.<br \/>\nEs obvio que no basta con las advertencias. Un cartel a fin de cuentas solo es un aviso, una se\u00f1al, y ya advirti\u00f3 Tolstoi que resulta m\u00e1s f\u00e1cil escribir diez vol\u00famenes de principios filos\u00f3ficos que poner en pr\u00e1ctica uno solo de ellos. La teor\u00eda va por un lado y por otro la pr\u00e1ctica. Pero mejor si nos facilitan (y facilitamos)  la teor\u00eda. La propia Nuria Oliver subraya con sencillez las claves del desaf\u00edo: \u00abInsisto: hay que hacer un uso consciente de la tecnolog\u00eda. Por mucho que te guste el vino no es bueno estar bebi\u00e9ndolo todo el d\u00eda\u00bb. As\u00ed que en el wasap, mi buen Yorick, grabar\u00e9 la frase de S\u00e9neca pero en vez de \u00abcuerpo\u00bb escribir\u00e9 \u00abdispositivo\u00bb. <\/p>\n<!-- AddThis Advanced Settings generic via filter on the_content --><!-- AddThis Share Buttons generic via filter on the_content -->","protected":false},"excerpt":{"rendered":"<p>Durante mis a\u00f1os de estudiante en Madrid alguien hab\u00eda dejado en la pared del piso donde viv\u00eda un peque\u00f1o cartel con una frase de S\u00e9neca que se me qued\u00f3 grabada para siempre: \u00abMayor soy y para mayores cosas nac\u00ed que para ser esclavo de este cuerpo\u00bb. Era la \u00e9poca en que los j\u00f3venes frecuent\u00e1bamos El [&hellip;]<!-- AddThis Advanced Settings generic via filter on get_the_excerpt --><!-- AddThis Share Buttons generic via filter on get_the_excerpt --><\/p>\n","protected":false},"author":13,"featured_media":0,"comment_status":"open","ping_status":"closed","sticky":false,"template":"","format":"standard","meta":[],"categories":[1],"tags":[28,262,922,924,1173,1262],"_links":{"self":[{"href":"https:\/\/blogs.hoy.es\/Juandomingofernandez\/wp-json\/wp\/v2\/posts\/585"}],"collection":[{"href":"https:\/\/blogs.hoy.es\/Juandomingofernandez\/wp-json\/wp\/v2\/posts"}],"about":[{"href":"https:\/\/blogs.hoy.es\/Juandomingofernandez\/wp-json\/wp\/v2\/types\/post"}],"author":[{"embeddable":true,"href":"https:\/\/blogs.hoy.es\/Juandomingofernandez\/wp-json\/wp\/v2\/users\/13"}],"replies":[{"embeddable":true,"href":"https:\/\/blogs.hoy.es\/Juandomingofernandez\/wp-json\/wp\/v2\/comments?post=585"}],"version-history":[{"count":0,"href":"https:\/\/blogs.hoy.es\/Juandomingofernandez\/wp-json\/wp\/v2\/posts\/585\/revisions"}],"wp:attachment":[{"href":"https:\/\/blogs.hoy.es\/Juandomingofernandez\/wp-json\/wp\/v2\/media?parent=585"}],"wp:term":[{"taxonomy":"category","embeddable":true,"href":"https:\/\/blogs.hoy.es\/Juandomingofernandez\/wp-json\/wp\/v2\/categories?post=585"},{"taxonomy":"post_tag","embeddable":true,"href":"https:\/\/blogs.hoy.es\/Juandomingofernandez\/wp-json\/wp\/v2\/tags?post=585"}],"curies":[{"name":"wp","href":"https:\/\/api.w.org\/{rel}","templated":true}]}}