{"id":586,"date":"2016-03-24T22:04:29","date_gmt":"2016-03-24T21:04:29","guid":{"rendered":"http:\/\/blogs.hoy.es\/Juandomingofernandez\/?p=586"},"modified":"2016-03-24T22:04:29","modified_gmt":"2016-03-24T21:04:29","slug":"el-otro-sindrome-stendhal","status":"publish","type":"post","link":"https:\/\/blogs.hoy.es\/Juandomingofernandez\/2016\/03\/24\/el-otro-sindrome-stendhal\/","title":{"rendered":"El &#039;otro&#039; s\u00edndrome Stendhal"},"content":{"rendered":"<p>AQUELLO que repet\u00edan los viejos manuales period\u00edsticos de que las buenas noticias no son noticia es un t\u00f3pico con cierta parte de verdad. La realidad m\u00e1s triste es la m\u00e1s real. Basta con mirar a <a href=\"http:\/\/www.hoy.es\/internacional\/union-europea\/201603\/24\/policia-sospecha-hubo-segundo-20160324100416-rc.html\" target=\"_blank\">Bruselas<\/a>, igual que ayer a <a href=\"http:\/\/www.hoy.es\/fotos\/internacional\/201603\/18\/capturado-bruselas-salah-abdeslam-30131747001-mm.html\" target=\"_blank\">Par\u00eds<\/a>. Lo m\u00e1s real es lo que m\u00e1s nos emociona, lo que nos conmueve de manera m\u00e1s profunda. Lo saben de sobra los escritores y todos aquellos convencidos de que resulta m\u00e1s fruct\u00edfera la tristeza a la hora de crear que la alegr\u00eda. A lo largo de la historia ha generado bastante m\u00e1s literatura el desenga\u00f1o que la felicidad.<br \/>\nCuenta <a href=\"https:\/\/fr.wikipedia.org\/wiki\/B%C3%A9atrice_Didier\" target=\"_blank\">B\u00e9atrice Didier<\/a> en un ensayo acerca de la escritura de diarios personales que el propio <a href=\"https:\/\/es.wikipedia.org\/wiki\/Stendhal\" target=\"_blank\">Stendhal<\/a> anota en un momento: \u00abHe dejado de escribir los recuerdos tiernos, me he dado cuenta de que eso los estropeaba\u00bb. Pero enseguida puntualiza Didier: \u00abEs un arrebato de mal humor de un chico joven, una decisi\u00f3n que no pondr\u00e1 en pr\u00e1ctica\u00bb. Bien pensado, esa reacci\u00f3n podr\u00eda sustentar y dar nombre a \u00abotro s\u00edndrome Stendhal\u00bb pero a la inversa: el de aquellos profesionales obligados a registrar en los medios de comunicaci\u00f3n los actos atroces y despiadados de una realidad como la que dibuja en el horizonte el terrorismo yihadista y radical.<br \/>\nSupongo que a muchos periodistas les gustar\u00eda en estos tiempos de  tragedias humanas plantearse como el joven Stendhal la decisi\u00f3n de obviar aquello que no le resulta conveniente para su relato. Aunque (como en su caso) la decisi\u00f3n solo puede quedarse en el territorio de los deseos inconsistentes. Nadie puede mirar para otro lado, aunque quisiera. Ah\u00ed radica precisamente la grandeza y la miseria de este oficio, el periodismo. El foco no puede centrarse solo en los recuerdos tiernos ni en los otros. Porque la vida sigue, no se detiene. Y es buena gana barajar desde la prensa, desde los medios de comunicaci\u00f3n en general, la pervivencia de una visi\u00f3n \u2018tierna\u2019 o \u2018feroz\u2019 de la vida. No es distanciamiento c\u00ednico ni insensibilidad. La realidad es la que es y a los periodistas les corresponde contarla de la manera m\u00e1s veraz, comprensible y completa. De lo que ocurra en d\u00edas sucesivos ya nos avis\u00f3 Cervantes: \u00abNo hay recuerdo que el tiempo no borre ni pena que la muerte no acabe\u00bb.<br \/>\nAhora es el dolor, la desaz\u00f3n, quien impera. Pero quiz\u00e1s quepa m\u00e1s espacio para el optimismo. Un art\u00edculo de <a href=\"http:\/\/www.bez.es\/236730715\/Daesh-y-la-sociedad-del-cansancio.html?origin=newsletter&#038;id=20&#038;tipo=3&#038;identificador=236730715&#038;id_boletin=127658959&#038;cod_suscriptor=864091503&#038;email=jdfernandez@hoy.es\" target=\"_blank\">Teresa Amor y Luis Serrano<\/a> en el digital \u2018Bez\u2019 sostiene que la violencia de los yihadistas cada vez obtendr\u00e1 \u00abmenos atenci\u00f3n medi\u00e1tica\u00bb y citan entre otras razones para justificar ese hecho la saturaci\u00f3n de informaci\u00f3n que proporcionan las redes sociales y su consumo atropellado, sin tiempo de analizar y profundizar en sus causas. La velocidad con que se consume la informaci\u00f3n a trav\u00e9s de las redes opera en un doble sentido respecto al hecho terrorista: por un lado contribuye a su divulgaci\u00f3n masiva pero por otro lo convierte en \u2018rutina\u2019. Y ahora es cuando yo me pregunto: \u00bfHabr\u00e1 quien prefiera incluso obviar la \u2018guerra terrorista\u2019?<\/p>\n<!-- AddThis Advanced Settings generic via filter on the_content --><!-- AddThis Share Buttons generic via filter on the_content -->","protected":false},"excerpt":{"rendered":"<p>AQUELLO que repet\u00edan los viejos manuales period\u00edsticos de que las buenas noticias no son noticia es un t\u00f3pico con cierta parte de verdad. La realidad m\u00e1s triste es la m\u00e1s real. Basta con mirar a Bruselas, igual que ayer a Par\u00eds. Lo m\u00e1s real es lo que m\u00e1s nos emociona, lo que nos conmueve de [&hellip;]<!-- AddThis Advanced Settings generic via filter on get_the_excerpt --><!-- AddThis Share Buttons generic via filter on get_the_excerpt --><\/p>\n","protected":false},"author":13,"featured_media":0,"comment_status":"open","ping_status":"closed","sticky":false,"template":"","format":"standard","meta":[],"categories":[1],"tags":[144,472,780,918,987,1218,1247,1367],"_links":{"self":[{"href":"https:\/\/blogs.hoy.es\/Juandomingofernandez\/wp-json\/wp\/v2\/posts\/586"}],"collection":[{"href":"https:\/\/blogs.hoy.es\/Juandomingofernandez\/wp-json\/wp\/v2\/posts"}],"about":[{"href":"https:\/\/blogs.hoy.es\/Juandomingofernandez\/wp-json\/wp\/v2\/types\/post"}],"author":[{"embeddable":true,"href":"https:\/\/blogs.hoy.es\/Juandomingofernandez\/wp-json\/wp\/v2\/users\/13"}],"replies":[{"embeddable":true,"href":"https:\/\/blogs.hoy.es\/Juandomingofernandez\/wp-json\/wp\/v2\/comments?post=586"}],"version-history":[{"count":0,"href":"https:\/\/blogs.hoy.es\/Juandomingofernandez\/wp-json\/wp\/v2\/posts\/586\/revisions"}],"wp:attachment":[{"href":"https:\/\/blogs.hoy.es\/Juandomingofernandez\/wp-json\/wp\/v2\/media?parent=586"}],"wp:term":[{"taxonomy":"category","embeddable":true,"href":"https:\/\/blogs.hoy.es\/Juandomingofernandez\/wp-json\/wp\/v2\/categories?post=586"},{"taxonomy":"post_tag","embeddable":true,"href":"https:\/\/blogs.hoy.es\/Juandomingofernandez\/wp-json\/wp\/v2\/tags?post=586"}],"curies":[{"name":"wp","href":"https:\/\/api.w.org\/{rel}","templated":true}]}}