{"id":59,"date":"2006-12-05T23:12:51","date_gmt":"2006-12-05T23:12:51","guid":{"rendered":"http:\/\/blogs.hoy.es\/Juandomingofernandez\/?p=59"},"modified":"2006-12-05T23:12:51","modified_gmt":"2006-12-05T23:12:51","slug":"autor-obra-cabecera","status":"publish","type":"post","link":"https:\/\/blogs.hoy.es\/Juandomingofernandez\/2006\/12\/05\/autor-obra-cabecera\/","title":{"rendered":"Autor-obra de cabecera"},"content":{"rendered":"<p class=\"MsoNormal\"><font face=\"Times New Roman\" size=\"4\"><span lang=\"ES-TRAD\">No s\u00e9 si el el \u00faltimo Premio Cervantes va<br \/>\na servir para que el gran p\u00fablico (\u00bf) conozca mejor la obra de Antonio<br \/>\nGamoneda, ese solitario que ha escrito: \u00abHay una hierba cuyo nombre no se sabe;<br \/>\nas\u00ed ha sido mi vida\u00bb, pero estoy seguro de que hasta el \u00faltimo bachiller sabe<br \/>\nya que Gamoneda es \u00abel poeta de cabecera\u00bb del presidente del Gobierno, Jos\u00e9 L.<br \/>\nRodr\u00edguez Zapatero, con quien mantiene una estrecha amistad desde hace a\u00f1os.<\/span><\/font><\/p>\n<p class=\"MsoNormal\"><font face=\"Times New Roman\" size=\"4\"><span lang=\"ES-TRAD\">Lejos de mi \u00e1nimo enfangarme en ninguna<br \/>\npol\u00e9mica acerca del valor literario de Gamoneda (\u00abYamoneda\u00bb, he le\u00eddo que se le<br \/>\ndenomina, c\u00e1ustica y mal\u00e9volamente en alg\u00fan blog). Ocurre que ese t\u00edtulo de<br \/>\n\u00abpoeta de cabecera\u00bb me trae a la memoria una an\u00e9cdota del escritor Juan Benet.<\/span><\/font><\/p>\n<p class=\"MsoNormal\"><font face=\"Times New Roman\" size=\"4\"><span lang=\"ES-TRAD\">Hace poco m\u00e1s de veinte a\u00f1os, en abril de<br \/>\n1986, el autor de &#8216;Volver\u00e1s a Regi\u00f3n&#8217; acudi\u00f3 a C\u00e1ceres, invitado por la Consejer\u00eda de Cultura para<\/span><\/font><font face=\"Times New Roman\" size=\"4\"><span lang=\"ES-TRAD\"> participar en el ciclo &#8216;Otras voces, otros \u00e1mbitos&#8217; y hablar sobre &#8216;La<br \/>\nobra propia&#8217;. Con ese motivo le hice una entrevista para HOY y entre las muchas<br \/>\npreguntas se me ocurri\u00f3 decirle:<\/span><\/font><\/p>\n<p class=\"MsoNormal\"><font face=\"Times New Roman\" size=\"4\"><span lang=\"ES-TRAD\">\u00ab?\u00bfUsted se apoya en eso que se llama<br \/>\n&#8216;libro de cabecera&#8217; para escribir?\u00bb<\/span><\/font><\/p>\n<p class=\"MsoNormal\"><font face=\"Times New Roman\" size=\"4\"><span lang=\"ES-TRAD\">Benet no se resisti\u00f3 a desenfundar el<br \/>\nbistur\u00ed de la iron\u00eda:<\/span><\/font><\/p>\n<p class=\"MsoNormal\"><font face=\"Times New Roman\" size=\"4\"><span lang=\"ES-TRAD\">\u00ab?No, yo tengo siempre un libro en la<br \/>\nmesilla de noche, pero no me apoyo en \u00e9l. No. No hay ninguna correlaci\u00f3n entre<br \/>\nlo que escribo y lo que leo\u00bb.<\/span><\/font><\/p>\n<p class=\"MsoNormal\"><font size=\"4\"><span lang=\"ES-TRAD\"><font face=\"Times New Roman\">Yo &#8216;encaj\u00e9&#8217; el golpe. Y de hecho, en la<br \/>\nentrevista (donde mostraba sus firmes fobias y devociones, desde los autores<br \/>\nfranceses: \u00abcon los escritores franceses todos los defectos se incrementan\u00bb,<br \/>\nhasta su pasi\u00f3n por Faulkner) reproduje ese fragmento de la conversaci\u00f3n de<br \/>\ncabo a rabo, sin cambiar una letra. Pero desde aquel d\u00eda no he vuelto a<br \/>\nformular una pregunta parecida y he desterrado de mi vocabulario period\u00edstico<br \/>\nlos conceptos \u00ablibro de cabecera\u00bb o \u00abautor de cabecera\u00bb. Ya conocen el porqu\u00e9.<\/font> <\/span><\/font><\/p>\n<!-- AddThis Advanced Settings generic via filter on the_content --><!-- AddThis Share Buttons generic via filter on the_content -->","protected":false},"excerpt":{"rendered":"<p>No s\u00e9 si el el \u00faltimo Premio Cervantes va a servir para que el gran p\u00fablico (\u00bf) conozca mejor la obra de Antonio Gamoneda, ese solitario que ha escrito: \u00abHay una hierba cuyo nombre no se sabe; as\u00ed ha sido mi vida\u00bb, pero estoy seguro de que hasta el \u00faltimo bachiller sabe ya que Gamoneda [&hellip;]<!-- AddThis Advanced Settings generic via filter on get_the_excerpt --><!-- AddThis Share Buttons generic via filter on get_the_excerpt --><\/p>\n","protected":false},"author":13,"featured_media":0,"comment_status":"open","ping_status":"closed","sticky":false,"template":"","format":"standard","meta":[],"categories":[2],"tags":[],"_links":{"self":[{"href":"https:\/\/blogs.hoy.es\/Juandomingofernandez\/wp-json\/wp\/v2\/posts\/59"}],"collection":[{"href":"https:\/\/blogs.hoy.es\/Juandomingofernandez\/wp-json\/wp\/v2\/posts"}],"about":[{"href":"https:\/\/blogs.hoy.es\/Juandomingofernandez\/wp-json\/wp\/v2\/types\/post"}],"author":[{"embeddable":true,"href":"https:\/\/blogs.hoy.es\/Juandomingofernandez\/wp-json\/wp\/v2\/users\/13"}],"replies":[{"embeddable":true,"href":"https:\/\/blogs.hoy.es\/Juandomingofernandez\/wp-json\/wp\/v2\/comments?post=59"}],"version-history":[{"count":0,"href":"https:\/\/blogs.hoy.es\/Juandomingofernandez\/wp-json\/wp\/v2\/posts\/59\/revisions"}],"wp:attachment":[{"href":"https:\/\/blogs.hoy.es\/Juandomingofernandez\/wp-json\/wp\/v2\/media?parent=59"}],"wp:term":[{"taxonomy":"category","embeddable":true,"href":"https:\/\/blogs.hoy.es\/Juandomingofernandez\/wp-json\/wp\/v2\/categories?post=59"},{"taxonomy":"post_tag","embeddable":true,"href":"https:\/\/blogs.hoy.es\/Juandomingofernandez\/wp-json\/wp\/v2\/tags?post=59"}],"curies":[{"name":"wp","href":"https:\/\/api.w.org\/{rel}","templated":true}]}}