{"id":590,"date":"2016-04-07T20:30:18","date_gmt":"2016-04-07T19:30:18","guid":{"rendered":"http:\/\/blogs.hoy.es\/Juandomingofernandez\/?p=590"},"modified":"2016-04-07T20:30:18","modified_gmt":"2016-04-07T19:30:18","slug":"el-nucleo-y-el-relato","status":"publish","type":"post","link":"https:\/\/blogs.hoy.es\/Juandomingofernandez\/2016\/04\/07\/el-nucleo-y-el-relato\/","title":{"rendered":"El n\u00facleo y el relato"},"content":{"rendered":"<p>Aunque hoy jueves est\u00e1 prevista a las 16,30 horas una reuni\u00f3n en el Congreso de los equipos negociadores de PSOE, Podemos y Ciudadanos, en el pleno celebrado ayer en la C\u00e1mara no escenificaron desde luego ninguna petici\u00f3n de manos ni de intercambio de regalos. O  s\u00ed, que dir\u00eda Rajoy. De regalos envenenados.<br \/>\nLos estacazos verbales que se intercambiaron Iglesias y Rivera fueron de antolog\u00eda: Rivera a Iglesias: \u00abLe invito a que haga menos ruedas de prensa y se lea mejor los papeles\u00bb. \u00abMezcla usted ley de extranjer\u00eda y asilo y eso es no tener ni idea del ordenamiento jur\u00eddico\u00bb. \u00abYo aprend\u00ed estas cosas en Helsinki y en Barcelona; usted ha trabajado en Venezuela. El concepto de derechos humanos donde usted ha impartido clases es distinto del m\u00edo. El suyo es el de Venezuela e Ir\u00e1n, el m\u00edo el de las universidades p\u00fablicas y concertadas espa\u00f1olas y n\u00f3rdicas\u00bb. Y el mandoble pen\u00faltimo: \u00abA ver si esa defensa de los derechos humanos la hace en todo el mundo, tambi\u00e9n donde tiene gente que financia a su partido\u00bb.<br \/>\nIglesias tampoco se cort\u00f3, le acus\u00f3 de \u00abcu\u00f1adismo\u00bb, de no distinguir \u00abentre quienes huyen de la guerra y quienes huyen de la pobreza\u00bb, de haber concurrido a las elecciones europeas con la formaci\u00f3n de extrema derecha Libertas e incluso de apoyar los bombardeos en Siria tras los atentados de Par\u00eds.<br \/>\nComo <a href=\"http:\/\/www.hoy.es\/nacional\/201604\/06\/pedro-sanchez-importante-vamos-20160406092935-rc.html\">informa muy bien en HOY, Paula de las Heras<\/a>, Rivera atiz\u00f3 despu\u00e9s al PP por el caso G\u00fcrtel, a Iglesias por los 7 millones de euros para expandir el \u00abbolivarismo\u00bb en Espa\u00f1a y le dej\u00f3 la revolera final al aludir, \u00abno a los cu\u00f1ados, sino a los que colocan a los primos, a los amigos y a las novias en los sitios\u00bb.<br \/>\nRecuerdo que hace unos meses, antes de las elecciones del 20 D,  los chistes y la rechifla se multiplicaron ante un tuit de \u00cd\u00f1igo Errej\u00f3n pel\u00edn abstruso y engolado: \u00abLa hegemon\u00eda se mueve en la tensi\u00f3n entre el n\u00facleo irradiador y la seducci\u00f3n de los sectores aliados laterales\u00bb. La frasecita dio pie enseguida al hastag #TuiteaComoErrejon, que se convirti\u00f3 en tendencia y hasta el propio Errej\u00f3n reaccion\u00f3 con humor reconociendo en otro tuit que los chistes y las parodias que le hab\u00edan hecho eran mejores que su frase. Hace unos d\u00edas, sin embargo, Errej\u00f3n volvi\u00f3 a la carga: \u00abNo son los \u2018intereses sociales\u2019 los que construyen sujeto pol\u00edtico. Son las identidades: los mitos y los relatos y horizontes compartidos\u00bb. Tuit del que me enter\u00e9 por cierto gracias a la singular y desenfadada respuesta que dio a la frasecita en su Twitter la profesora de Sociolog\u00eda <a href=\"https:\/\/twitter.com\/45Beatriz\/status\/716300480180260864\">Beatriz Mu\u00f1oz<\/a>: \u00abO_O Todo muy postmo y yo sin mis sales\u00bb.<br \/>\nHe recordado esos episodios tuiteros porque del intercambio de estacazos entre Iglesias y Rivera en el Congreso, el principal no fue la serie de lindezas que se arrojaron sino una foto, una simple foto en que se ve a Albert Rivera sonriente en su esca\u00f1o, mirando a Pablo Iglesias y moviendo el \u00edndice y el pulgar con el gesto universal de \u00abdinero, dinero\u00bb. Me parece que esa imagen s\u00ed que concentra el n\u00facleo irradiador y el relato compartido.<\/p>\n<!-- AddThis Advanced Settings generic via filter on the_content --><!-- AddThis Share Buttons generic via filter on the_content -->","protected":false},"excerpt":{"rendered":"<p>Aunque hoy jueves est\u00e1 prevista a las 16,30 horas una reuni\u00f3n en el Congreso de los equipos negociadores de PSOE, Podemos y Ciudadanos, en el pleno celebrado ayer en la C\u00e1mara no escenificaron desde luego ninguna petici\u00f3n de manos ni de intercambio de regalos. O s\u00ed, que dir\u00eda Rajoy. De regalos envenenados. Los estacazos verbales [&hellip;]<!-- AddThis Advanced Settings generic via filter on get_the_excerpt --><!-- AddThis Share Buttons generic via filter on get_the_excerpt --><\/p>\n","protected":false},"author":13,"featured_media":0,"comment_status":"open","ping_status":"closed","sticky":false,"template":"","format":"standard","meta":[],"categories":[1],"tags":[42,145,270,319,411,422,760,921,944,948,1015,1292],"_links":{"self":[{"href":"https:\/\/blogs.hoy.es\/Juandomingofernandez\/wp-json\/wp\/v2\/posts\/590"}],"collection":[{"href":"https:\/\/blogs.hoy.es\/Juandomingofernandez\/wp-json\/wp\/v2\/posts"}],"about":[{"href":"https:\/\/blogs.hoy.es\/Juandomingofernandez\/wp-json\/wp\/v2\/types\/post"}],"author":[{"embeddable":true,"href":"https:\/\/blogs.hoy.es\/Juandomingofernandez\/wp-json\/wp\/v2\/users\/13"}],"replies":[{"embeddable":true,"href":"https:\/\/blogs.hoy.es\/Juandomingofernandez\/wp-json\/wp\/v2\/comments?post=590"}],"version-history":[{"count":0,"href":"https:\/\/blogs.hoy.es\/Juandomingofernandez\/wp-json\/wp\/v2\/posts\/590\/revisions"}],"wp:attachment":[{"href":"https:\/\/blogs.hoy.es\/Juandomingofernandez\/wp-json\/wp\/v2\/media?parent=590"}],"wp:term":[{"taxonomy":"category","embeddable":true,"href":"https:\/\/blogs.hoy.es\/Juandomingofernandez\/wp-json\/wp\/v2\/categories?post=590"},{"taxonomy":"post_tag","embeddable":true,"href":"https:\/\/blogs.hoy.es\/Juandomingofernandez\/wp-json\/wp\/v2\/tags?post=590"}],"curies":[{"name":"wp","href":"https:\/\/api.w.org\/{rel}","templated":true}]}}