{"id":592,"date":"2016-04-14T20:38:08","date_gmt":"2016-04-14T19:38:08","guid":{"rendered":"http:\/\/blogs.hoy.es\/Juandomingofernandez\/?p=592"},"modified":"2016-04-14T20:38:08","modified_gmt":"2016-04-14T19:38:08","slug":"de-politicos-y-ecos","status":"publish","type":"post","link":"https:\/\/blogs.hoy.es\/Juandomingofernandez\/2016\/04\/14\/de-politicos-y-ecos\/","title":{"rendered":"De pol\u00edticos y ecos"},"content":{"rendered":"<p>En pol\u00edtica hay palabras, frases y modismos que nacen, crecen y se reproducen con la misma fortuna que el camalote en el r\u00edo Guadiana. \u00bfQui\u00e9n no ha o\u00eddo hablar de \u00abpostureo\u00bb, de  \u00abl\u00edneas rojas\u00bb, de \u00abexplorar nuevos pactos\u00bb o del socorrid\u00edsimo \u00abejercicio de responsabilidad\u00bb? Seguro que las hemos o\u00eddo e incluso utilizado en m\u00e1s de una ocasi\u00f3n.<br \/>\nSimples lemas que funcionan como mantras: \u00abun gobierno por el cambio\u00bb, \u00abfuerzas de progreso\u00bb, \u00abcompromiso con la gente\u00bb&#8230; o locuciones que llegan a mestizarse con giros populares nacidos en gabinetes de comunicaci\u00f3n, en agencias de publicidad o en laboratorios de an\u00e1lisis pol\u00edtico: \u00ablo primero el empleo\u00bb, \u00abs\u00ed se puede\u00bb o \u00abXX, lo \u00fanico que importa\u00bb.<br \/>\nSi le dedicamos un momento al asunto, probablemente nos venga a la memoria un mont\u00f3n de ejemplos. Sin embargo, con ser importantes dichas frases apenas constituyen la espuma de la ola, la mera epidermis de la visi\u00f3n, del maquillaje medi\u00e1tico con que cada uno percibimos a los pol\u00edticos y vinculamos a las opciones pol\u00edticas. Pero ese conjunto de expresiones procedente de las llam\u00e9mosles \u00ab\u00f3rbitas oficiales\u00bb son \u00fanicamente una parte del sistema, una impresi\u00f3n parcial; el otro conjunto de expresiones procede del hombre de la calle y est\u00e1 formado por giros pol\u00edticamente nada correctos. En vez de simple \u00abpostureo\u00bb oir\u00e1 hablar de \u00abmamoneo\u00bb; en vez de \u00abun ejercicio de responsabilidad\u00bb escuchar\u00e1: \u00abestos solo van a las suyas\u00bb o \u00abse est\u00e1n dedicando a marear la perdiz\u00bb; cuando se trate de ponderar sus conocimientos o preparaci\u00f3n no escuchar\u00e1 referencias a sus curr\u00edculos y trayectorias profesionales, si acaso un despectivo \u00abellos saben m\u00e1s que los ratones coloraos\u00bb.<br \/>\nNo escuchar\u00e1 elogios a su ecuanimidad sino a su \u00aboportunismo\u00bb; ni loas a su inteligente humildad, sino a su \u00abegocentrismo enfermizo\u00bb. Ser\u00e1 raro el pol\u00edtico (aunque creo que hay m\u00e1s de uno) al que se le defiende por su bondad y sinceridad y no por la \u00abcapacidad para la doblez, para la mentira\u00bb o por su confesa devoci\u00f3n maquiav\u00e9lica&#8230;<br \/>\nEn periodismo se ha citado infinidad de veces la famosa frase de <a href=\"https:\/\/es.wikipedia.org\/wiki\/Ryszard_Kapu%C5%9Bci%C5%84ski\" target=\"_blank\">Ryszard Kapuscinski<\/a>: \u00abLas malas personas no pueden ser buenos periodistas\u00bb, o su libro: \u00abLos c\u00ednicos no sirven para este oficio\u00bb. Algo as\u00ed aseguraba esta semana en una entrevista <a href=\"http:\/\/www.lavanguardia.com\/lacontra\/20160411\/401021583313\/una-mala-persona-no-llega-nunca-a-ser-buen-profesional.html\" target=\"_blank\">Howard Gardner<\/a>, el neurocient\u00edfico autor de la teor\u00eda de las inteligencias m\u00faltiples: \u00abUna mala persona no llega nunca a ser buen profesional\u00bb. Cuando se trata de \u2018pol\u00edticos profesionales\u2019, la advertencia resulta a\u00fan m\u00e1s inquietante, aunque consuela seg\u00fan las teor\u00edas del profesor de la Universidad de Harvard que el inveterado \u2013y creo que universal\u2013 dicterio referido a los pol\u00edticos: \u00abSon todos iguales\u00bb, no sea cierto al menos desde la perspectiva cient\u00edfica, pues cada ser humano es por definici\u00f3n \u00ab\u00fanico e inclasificable\u00bb. Menos da una piedra.<br \/>\nAl margen del \u2018discurso\u2019 pol\u00edtico habr\u00e1 que concluir con S\u00f3crates que solo el conocimiento es un bien, frente al mal de la ignorancia y respirar tranquilos con Einstein porque \u00abLa imaginaci\u00f3n es m\u00e1s importante que el conocimiento\u00bb.<\/p>\n<!-- AddThis Advanced Settings generic via filter on the_content --><!-- AddThis Share Buttons generic via filter on the_content -->","protected":false},"excerpt":{"rendered":"<p>En pol\u00edtica hay palabras, frases y modismos que nacen, crecen y se reproducen con la misma fortuna que el camalote en el r\u00edo Guadiana. \u00bfQui\u00e9n no ha o\u00eddo hablar de \u00abpostureo\u00bb, de \u00abl\u00edneas rojas\u00bb, de \u00abexplorar nuevos pactos\u00bb o del socorrid\u00edsimo \u00abejercicio de responsabilidad\u00bb? Seguro que las hemos o\u00eddo e incluso utilizado en m\u00e1s de [&hellip;]<!-- AddThis Advanced Settings generic via filter on get_the_excerpt --><!-- AddThis Share Buttons generic via filter on get_the_excerpt --><\/p>\n","protected":false},"author":13,"featured_media":0,"comment_status":"open","ping_status":"closed","sticky":false,"template":"","format":"standard","meta":[],"categories":[1],"tags":[262,272,422,588,745,1015,1140],"_links":{"self":[{"href":"https:\/\/blogs.hoy.es\/Juandomingofernandez\/wp-json\/wp\/v2\/posts\/592"}],"collection":[{"href":"https:\/\/blogs.hoy.es\/Juandomingofernandez\/wp-json\/wp\/v2\/posts"}],"about":[{"href":"https:\/\/blogs.hoy.es\/Juandomingofernandez\/wp-json\/wp\/v2\/types\/post"}],"author":[{"embeddable":true,"href":"https:\/\/blogs.hoy.es\/Juandomingofernandez\/wp-json\/wp\/v2\/users\/13"}],"replies":[{"embeddable":true,"href":"https:\/\/blogs.hoy.es\/Juandomingofernandez\/wp-json\/wp\/v2\/comments?post=592"}],"version-history":[{"count":0,"href":"https:\/\/blogs.hoy.es\/Juandomingofernandez\/wp-json\/wp\/v2\/posts\/592\/revisions"}],"wp:attachment":[{"href":"https:\/\/blogs.hoy.es\/Juandomingofernandez\/wp-json\/wp\/v2\/media?parent=592"}],"wp:term":[{"taxonomy":"category","embeddable":true,"href":"https:\/\/blogs.hoy.es\/Juandomingofernandez\/wp-json\/wp\/v2\/categories?post=592"},{"taxonomy":"post_tag","embeddable":true,"href":"https:\/\/blogs.hoy.es\/Juandomingofernandez\/wp-json\/wp\/v2\/tags?post=592"}],"curies":[{"name":"wp","href":"https:\/\/api.w.org\/{rel}","templated":true}]}}