{"id":593,"date":"2016-04-21T20:54:46","date_gmt":"2016-04-21T19:54:46","guid":{"rendered":"http:\/\/blogs.hoy.es\/Juandomingofernandez\/?p=593"},"modified":"2016-04-21T20:54:46","modified_gmt":"2016-04-21T19:54:46","slug":"el-bosque-y-la-lena","status":"publish","type":"post","link":"https:\/\/blogs.hoy.es\/Juandomingofernandez\/2016\/04\/21\/el-bosque-y-la-lena\/","title":{"rendered":"El bosque y la le\u00f1a"},"content":{"rendered":"<p>La llegada el 20D de nuevas fuerzas pol\u00edticas al Congreso de los Diputados contribuy\u00f3 en un primer momento a que la ciudadan\u00eda albergase expectativas de cambios quiz\u00e1s demasiado optimistas. La cruda realidad se encarg\u00f3 de pinchar el globo de las ilusiones y de golpearnos con los hechos en la cabeza&#8230; Es decir, a los pocos d\u00edas la resaca de las elecciones ya hab\u00eda devuelto a la orilla los tres o cuatro restos visibles de la marejada: el vodevil del ni\u00f1o de Bescansa, la batallita del reparto de esca\u00f1os entre los distintos grupos; el enredo de Iglesias y sus mariachis (incluido el exjemad) posando ante la Historia; el destino que sonre\u00eda a S\u00e1nchez&#8230;; la \u2018declinaci\u00f3n\u2019 de Rajoy y el gui\u00f1o-sonrisa por la \u2018ocurrencia\u2019; los \u2018no es no\u2019 de S\u00e1nchez al PP; las lagrimitas y los besos de Podemos con sus confluencias; los zascas de Albert Rivera a Pablo Iglesias; las buenas formas de Garz\u00f3n a pesar de las humillaciones previas en las escenas del sof\u00e1&#8230;<br \/>\nSi a\u00f1adimos fotogramas parecer\u00e1 que asistimos a una pel\u00edcula de Chaplin recreada por Hitchcock. Por la frecuencia con que asoma gente de Podemos quiz\u00e1s nos recuerde incluso a aquel motorista que Fellini hace brillar \u2013cual fijo discontinuo\u2013 en \u2018Amarcord\u2019. Puro espect\u00e1culo.<br \/>\nEn fin, que los espa\u00f1oles hemos vivido en estos cuatro meses un m\u00e1ster acelerado en desencanto cuando no en maldici\u00f3n, pues lo que en principio pod\u00eda interpretarse como malestar y contrariedad por la insensatez probada de nuestros dirigentes, se ha convertido en una sensaci\u00f3n generalizada de indignaci\u00f3n y cabreo. Sencillamente porque alguien no ha hecho su trabajo.<br \/>\nY  ahora, al tiempo que cristaliza el sentimiento de que los pol\u00edticos electos anteponen sus intereses partidistas y personales a los del bien com\u00fan, aumenta la certidumbre de que todo consiste en hacer responsable a \u2018otro\u2019 del fracaso de las negociaciones y que sigamos despu\u00e9s de cuatro meses con un gobierno en funciones. En ese sentido ha publicado hace pocos d\u00edas un art\u00edculo bastante ilustrativo el consultor<a href=\"http:\/\/www.huffingtonpost.es\/casar-calderan-avellaneda\/elecciones-2016-entre-la-_b_9718676.html\" target=\"_blank\"> C\u00e9sar Calder\u00f3n<\/a>, convencido de que la estrategia de intentar cargarle el muerto al rival no supone como se cree una garant\u00eda de \u00e9xito para las pr\u00f3ximas elecciones: \u00ab\u00bfCulpa? La culpa no lleva a nadie a las urnas. Si quieren ganar las elecciones, atr\u00e9vanse a hablar de futuro\u00bb.<br \/>\nEn esas estamos. Con elecciones a las vista y el convencimiento general de que los partidos tradicionales y los emergentes han hecho un pan como unas tortas. Por decirlo a lo fino&#8230; \u00bfQu\u00e9 ha entrado por aquel portillo de esperanza que supuestamente abrieron las fuerzas emergentes el 20D? En mi opini\u00f3n, mucho postureo y bastante m\u00e1s zoqueter\u00eda de la deseable en una formaci\u00f3n sin experiencia pr\u00e1ctica en la gesti\u00f3n y en la responsabilidad p\u00fablica. Me ha recordado aquella frase que utilizaba mi abuela Mar\u00eda para prevenirme contra la fatuidad juvenil: \u00ab\u00bfMundo, mundo, que te como! Y  era el mundo el que se lo com\u00eda a \u00e9l\u00bb. Aunque el resumen m\u00e1s escueto quiz\u00e1s est\u00e9 en el viejo proverbio ruso: \u00abHay quienes pasan por el bosque y solo ven le\u00f1a para el fuego\u00bb. \u00bfVotos para el \u2018sorpasso\u2019?<\/p>\n<!-- AddThis Advanced Settings generic via filter on the_content --><!-- AddThis Share Buttons generic via filter on the_content -->","protected":false},"excerpt":{"rendered":"<p>La llegada el 20D de nuevas fuerzas pol\u00edticas al Congreso de los Diputados contribuy\u00f3 en un primer momento a que la ciudadan\u00eda albergase expectativas de cambios quiz\u00e1s demasiado optimistas. La cruda realidad se encarg\u00f3 de pinchar el globo de las ilusiones y de golpearnos con los hechos en la cabeza&#8230; Es decir, a los pocos [&hellip;]<!-- AddThis Advanced Settings generic via filter on get_the_excerpt --><!-- AddThis Share Buttons generic via filter on get_the_excerpt --><\/p>\n","protected":false},"author":13,"featured_media":0,"comment_status":"open","ping_status":"closed","sticky":false,"template":"","format":"standard","meta":[],"categories":[1],"tags":[218,319,332,391,422,488,498,761,1015,1027],"_links":{"self":[{"href":"https:\/\/blogs.hoy.es\/Juandomingofernandez\/wp-json\/wp\/v2\/posts\/593"}],"collection":[{"href":"https:\/\/blogs.hoy.es\/Juandomingofernandez\/wp-json\/wp\/v2\/posts"}],"about":[{"href":"https:\/\/blogs.hoy.es\/Juandomingofernandez\/wp-json\/wp\/v2\/types\/post"}],"author":[{"embeddable":true,"href":"https:\/\/blogs.hoy.es\/Juandomingofernandez\/wp-json\/wp\/v2\/users\/13"}],"replies":[{"embeddable":true,"href":"https:\/\/blogs.hoy.es\/Juandomingofernandez\/wp-json\/wp\/v2\/comments?post=593"}],"version-history":[{"count":0,"href":"https:\/\/blogs.hoy.es\/Juandomingofernandez\/wp-json\/wp\/v2\/posts\/593\/revisions"}],"wp:attachment":[{"href":"https:\/\/blogs.hoy.es\/Juandomingofernandez\/wp-json\/wp\/v2\/media?parent=593"}],"wp:term":[{"taxonomy":"category","embeddable":true,"href":"https:\/\/blogs.hoy.es\/Juandomingofernandez\/wp-json\/wp\/v2\/categories?post=593"},{"taxonomy":"post_tag","embeddable":true,"href":"https:\/\/blogs.hoy.es\/Juandomingofernandez\/wp-json\/wp\/v2\/tags?post=593"}],"curies":[{"name":"wp","href":"https:\/\/api.w.org\/{rel}","templated":true}]}}