{"id":596,"date":"2016-05-12T20:33:54","date_gmt":"2016-05-12T19:33:54","guid":{"rendered":"http:\/\/blogs.hoy.es\/Juandomingofernandez\/?p=596"},"modified":"2016-05-12T20:33:54","modified_gmt":"2016-05-12T19:33:54","slug":"camilo-j-cela-en-caceres","status":"publish","type":"post","link":"https:\/\/blogs.hoy.es\/Juandomingofernandez\/2016\/05\/12\/camilo-j-cela-en-caceres\/","title":{"rendered":"Camilo J. Cela en C\u00e1ceres"},"content":{"rendered":"<p>Estos d\u00edas se asoma a las p\u00e1ginas de los peri\u00f3dicos la figura de <a href=\"https:\/\/es.wikipedia.org\/wiki\/Camilo_Jos%C3%A9_Cela\" target=\"_blank\">Camilo Jos\u00e9 Cela<\/a>, del que ayer, 11 de mayo, se cumpl\u00edan cien a\u00f1os de su nacimiento. Del Cela personaje puede decirse aquello del cronista taurino: \u00abDivisi\u00f3n de opiniones: unos en su madre y otros en su padre\u00bb. Pero si hablamos del Cela escritor, son palabras mayores.<br \/>\nEn  1986 C\u00e1ceres fue declarada por la Unesco Ciudad Patrimonio de la Humanidad. Con tal motivo, en abril del a\u00f1o siguiente invitaron a Cela a dar el preg\u00f3n de la fiestas medievales organizadas para conmemorar el t\u00edtulo de Patrimonio de la Humanidad. Aquel acto (retransmitido incluso por alguna cadena de radio a nivel nacional) se convirti\u00f3 en un espect\u00e1culo cinematogr\u00e1fico. A Camilo Jos\u00e9 Cela, alojado en el Palacio de Carvajal<br \/>\n \u2013entonces reservado para los hu\u00e9spedes y las visitas de honor\u2013 le dispusieron una carroza tirada por cuatro caballos blancos a la que se subi\u00f3 en la Plaza de Santa Mar\u00eda, rodeado de un gent\u00edo impresionante, y con la que recorri\u00f3 la Plaza Mayor, San Juan, Paseo de C\u00e1novas, Avenida de la Monta\u00f1a y Col\u00f3n hasta llegar al Complejo Cultural San Francisco, en cuyo auditorio principal ofreci\u00f3 el preg\u00f3n.<br \/>\nManuel Veiga, presidente de la Diputaci\u00f3n Provincial cacere\u00f1a e instituci\u00f3n anfitriona, contaba a\u00f1os despu\u00e9s que cuando le comunicaron a Cela que estaba previsto que ofreciera el preg\u00f3n desde el p\u00falpito del altar mayor, \u00aba Camilo le brillaron las pupilas\u00bb y enseguida dijo: \u00ab\u00a1Voy a probarme el p\u00falpito!\u00bb. Y sus gorduras, ya menguadas, permitieron que accediera al peque\u00f1o hueco excavado en el granito de la inmensa columna. En su discurso no faltaron los gui\u00f1os a los modismos populares. Desde la salutaci\u00f3n primera: \u00ab\u00bfOs acord\u00e1is del dicho que dice: En Ciudad Rodrigo, damas; en C\u00e1ceres, caballeros, y en Plasencia los dineros?\u00bb, pasando por el adagio: \u00abNacer en C\u00e1ceres y morir en otra parte\u00bb, para culminar con la invitaci\u00f3n a la fiesta y al \u2018carpe diem\u2019. \u00abAgarr\u00e9monos como a un clavo ardiendo a la vida y gocemos de ella mientras Dios disponga, que para verle llegar el fin siempre habr\u00e1 tiempo, ya que muere el Papa, el rey, el duque y hasta el prior de Guadalupe\u00bb. Yo estuve all\u00ed. Y el d\u00eda antes en Malpartida de C\u00e1ceres, donde le dedicaron la plazoleta del recinto de la Casa de Cultura. Por cierto, al descorrer la cortinilla de la placa, se resist\u00eda y ni corto ni perezoso se subi\u00f3 a una escalera de tijera y de dos tirones desprendi\u00f3 hasta la barra de sujeci\u00f3n. Cela improvis\u00f3 unas palabras que fueron recibidas con regocijo general. El alcalde, el recordado Antonio Jim\u00e9nez, aclar\u00f3 ir\u00f3nico que \u00ablo de la cortinilla no estaba previsto\u00bb.<br \/>\nAprovechando su paso por C\u00e1ceres Cela accedi\u00f3 a una amplia entrevista que publiqu\u00e9 en el suplemento Dominicalia de HOY. Me la agradeci\u00f3 d\u00edas despu\u00e9s con el env\u00edo de un libro suyo, dedicado, que yo no hab\u00eda le\u00eddo: los apuntes carpetovet\u00f3nicos de \u2018El gallego y su cuadrilla\u2019. A\u00fan no era Premio Nobel. En C\u00e1ceres estuvo desde luego el Cela personaje histri\u00f3nico, excesivo, algo \u2018ogro\u2019, quevedesco, generoso, mordaz, tierno y contradictorio. Pero tambi\u00e9n el escritor, el genio que firm\u00f3 \u2018La familia de Pascual Duarte\u2019, \u2018La colmena\u2019 o \u2018Viaje a la Alcarria\u2019. Una sola de esas obras le bastar\u00eda para asegurarse la posteridad. <\/p>\n<!-- AddThis Advanced Settings generic via filter on the_content --><!-- AddThis Share Buttons generic via filter on the_content -->","protected":false},"excerpt":{"rendered":"<p>Estos d\u00edas se asoma a las p\u00e1ginas de los peri\u00f3dicos la figura de Camilo Jos\u00e9 Cela, del que ayer, 11 de mayo, se cumpl\u00edan cien a\u00f1os de su nacimiento. Del Cela personaje puede decirse aquello del cronista taurino: \u00abDivisi\u00f3n de opiniones: unos en su madre y otros en su padre\u00bb. Pero si hablamos del Cela [&hellip;]<!-- AddThis Advanced Settings generic via filter on get_the_excerpt --><!-- AddThis Share Buttons generic via filter on get_the_excerpt --><\/p>\n","protected":false},"author":13,"featured_media":0,"comment_status":"open","ping_status":"closed","sticky":false,"template":"","format":"standard","meta":[],"categories":[1],"tags":[82,179,185,416,530,763,801,1035],"_links":{"self":[{"href":"https:\/\/blogs.hoy.es\/Juandomingofernandez\/wp-json\/wp\/v2\/posts\/596"}],"collection":[{"href":"https:\/\/blogs.hoy.es\/Juandomingofernandez\/wp-json\/wp\/v2\/posts"}],"about":[{"href":"https:\/\/blogs.hoy.es\/Juandomingofernandez\/wp-json\/wp\/v2\/types\/post"}],"author":[{"embeddable":true,"href":"https:\/\/blogs.hoy.es\/Juandomingofernandez\/wp-json\/wp\/v2\/users\/13"}],"replies":[{"embeddable":true,"href":"https:\/\/blogs.hoy.es\/Juandomingofernandez\/wp-json\/wp\/v2\/comments?post=596"}],"version-history":[{"count":0,"href":"https:\/\/blogs.hoy.es\/Juandomingofernandez\/wp-json\/wp\/v2\/posts\/596\/revisions"}],"wp:attachment":[{"href":"https:\/\/blogs.hoy.es\/Juandomingofernandez\/wp-json\/wp\/v2\/media?parent=596"}],"wp:term":[{"taxonomy":"category","embeddable":true,"href":"https:\/\/blogs.hoy.es\/Juandomingofernandez\/wp-json\/wp\/v2\/categories?post=596"},{"taxonomy":"post_tag","embeddable":true,"href":"https:\/\/blogs.hoy.es\/Juandomingofernandez\/wp-json\/wp\/v2\/tags?post=596"}],"curies":[{"name":"wp","href":"https:\/\/api.w.org\/{rel}","templated":true}]}}