{"id":597,"date":"2016-05-19T21:00:32","date_gmt":"2016-05-19T20:00:32","guid":{"rendered":"http:\/\/blogs.hoy.es\/Juandomingofernandez\/?p=597"},"modified":"2016-05-19T21:00:32","modified_gmt":"2016-05-19T20:00:32","slug":"los-hijos-y-la-felicidad","status":"publish","type":"post","link":"https:\/\/blogs.hoy.es\/Juandomingofernandez\/2016\/05\/19\/los-hijos-y-la-felicidad\/","title":{"rendered":"Los hijos y la felicidad"},"content":{"rendered":"<p>HAB\u00cdA un viejo maestro que cuando alg\u00fan escolar se aturullaba y empezaba a contestar a las preguntas de forma confusa, extend\u00eda su mano izquierda con la palma abierta y dando unos peque\u00f1os toques sobre ella con la otra mano le dec\u00eda: \u00abD\u00e9jate de cuentos, y \u00e9chame aqu\u00ed la sustancia\u00bb. La sustancia, sin circunloquios, se resume en un titular informativo: \u00abLiberbank reducir\u00e1 su plantilla en cerca de 1.000 empleados\u00bb. Liberbank es la entidad bancaria creada por Cajastur-Banco CCM, Caja Cantabria y Extremadura. El nuevo plan de reducci\u00f3n de empleo del grupo se har\u00e1 mediante bajas voluntarias e incentivadas y a trav\u00e9s, claro est\u00e1, de la negociaci\u00f3n con los sindicatos. Hasta ah\u00ed los datos.<br \/>\nEn las sociedades superutilitarias como la actual, los valores de uso, de cambio y mercantil quedan muy a trasmano \u2013imagino que tambi\u00e9n para el se\u00f1or Rosell, presidente de la patronal\u2013 y el valor supremo es el monetario, el verdadero \u2018becerro de oro\u2019 al que se tributa adoraci\u00f3n para que no se resista el sistema. Sin embargo, el \u2018becerro de oro\u2019 tan solo es un \u00eddolo, el dios por descontado es el sistema. \u00bfLes suena el mantra \u2018crisis sist\u00e9mica\u2019? Dos palabras que perfilan ese mal abstracto percibido en el imaginario colectivo como algo \u2018inexorable\u2019, igual que las plagas b\u00edblicas o una hecatombe para la que no existe vacuna: la peste negra que asolaba Europa en la Edad Media, por ejemplo. El mal como maldici\u00f3n.<br \/>\nEs verdad que el panorama no invita al optimismo, pero la experiencia demuestra que a veces la historia no avanza siguiendo las l\u00edneas previsibles de un determinismo de pi\u00f1\u00f3n fijo. En ocasiones, por fortuna, se registran saltos cualitativos y avances en zigzag. \u00abNi el pasado ha muerto ni est\u00e1 el ma\u00f1ana, ni el ayer escrito\u00bb, que apunt\u00f3 Machado.<br \/>\nDe todas formas, yo no quer\u00eda hablar hoy de los problemas cotidianos de las sociedades utilitarias como la nuestra, sino ampliar el arco de la reflexi\u00f3n como en el sabio y popular poema de <a href=\"https:\/\/es.wikipedia.org\/wiki\/Gibran_Jalil_Gibran\" target=\"_blank\">Kalil Gibran<\/a> \u2018Sobre los hijos\u2019:<br \/>\n\u00abTus hijos no son tus hijos \/ Son hijos e hijas de la vida, deseosa de s\u00ed misma. \/ No vienen de ti, sino a trav\u00e9s de ti y aunque est\u00e9n contigo no te pertenecen. \/ Puedes darles tu amor, pero no tus pensamientos, \/ Pues ellos tienen sus propios pensamientos. \/ Puedes hospedar sus cuerpos, pero no sus almas, \/ Porque ellas viven en la casa del ma\u00f1ana, que no puedes visitar ni siquiera en sue\u00f1os. \/ Puedes esforzarte en ser como ellos, pero no procures hacerlos semejantes a ti \/ porque la vida no retrocede, ni se detiene en el ayer. \/ T\u00fa eres el arco del cual tus hijos, como flechas vivas, son lanzados (\u2026). \/ Deja que la inclinaci\u00f3n en tu mano de arquero sea hacia la felicidad\u00bb.<br \/>\nImagino que todos aspiramos a dejar en herencia a nuestros hijos una sociedad m\u00e1s justa y solidaria, m\u00e1s confortable y m\u00e1s segura. Pero sin determinismos. Sin aceptar ni imponer de manera fatalista el ma\u00f1ana. Y  as\u00ed como a los padres no les facilitan un manual de instrucciones personalizado para saber c\u00f3mo tienen que colocar el arco desde el que sale la flecha, tampoco la sociedad dispone de programas preinstalados para saber c\u00f3mo se conquista, a pi\u00f1\u00f3n fijo, un futuro mejor. <\/p>\n<!-- AddThis Advanced Settings generic via filter on the_content --><!-- AddThis Share Buttons generic via filter on the_content -->","protected":false},"excerpt":{"rendered":"<p>HAB\u00cdA un viejo maestro que cuando alg\u00fan escolar se aturullaba y empezaba a contestar a las preguntas de forma confusa, extend\u00eda su mano izquierda con la palma abierta y dando unos peque\u00f1os toques sobre ella con la otra mano le dec\u00eda: \u00abD\u00e9jate de cuentos, y \u00e9chame aqu\u00ed la sustancia\u00bb. La sustancia, sin circunloquios, se resume [&hellip;]<!-- AddThis Advanced Settings generic via filter on get_the_excerpt --><!-- AddThis Share Buttons generic via filter on get_the_excerpt --><\/p>\n","protected":false},"author":13,"featured_media":0,"comment_status":"open","ping_status":"closed","sticky":false,"template":"","format":"standard","meta":[],"categories":[1],"tags":[336,422,518,575,723,1015,1198],"_links":{"self":[{"href":"https:\/\/blogs.hoy.es\/Juandomingofernandez\/wp-json\/wp\/v2\/posts\/597"}],"collection":[{"href":"https:\/\/blogs.hoy.es\/Juandomingofernandez\/wp-json\/wp\/v2\/posts"}],"about":[{"href":"https:\/\/blogs.hoy.es\/Juandomingofernandez\/wp-json\/wp\/v2\/types\/post"}],"author":[{"embeddable":true,"href":"https:\/\/blogs.hoy.es\/Juandomingofernandez\/wp-json\/wp\/v2\/users\/13"}],"replies":[{"embeddable":true,"href":"https:\/\/blogs.hoy.es\/Juandomingofernandez\/wp-json\/wp\/v2\/comments?post=597"}],"version-history":[{"count":0,"href":"https:\/\/blogs.hoy.es\/Juandomingofernandez\/wp-json\/wp\/v2\/posts\/597\/revisions"}],"wp:attachment":[{"href":"https:\/\/blogs.hoy.es\/Juandomingofernandez\/wp-json\/wp\/v2\/media?parent=597"}],"wp:term":[{"taxonomy":"category","embeddable":true,"href":"https:\/\/blogs.hoy.es\/Juandomingofernandez\/wp-json\/wp\/v2\/categories?post=597"},{"taxonomy":"post_tag","embeddable":true,"href":"https:\/\/blogs.hoy.es\/Juandomingofernandez\/wp-json\/wp\/v2\/tags?post=597"}],"curies":[{"name":"wp","href":"https:\/\/api.w.org\/{rel}","templated":true}]}}