{"id":598,"date":"2016-05-26T20:37:00","date_gmt":"2016-05-26T19:37:00","guid":{"rendered":"http:\/\/blogs.hoy.es\/Juandomingofernandez\/?p=598"},"modified":"2016-05-26T20:37:00","modified_gmt":"2016-05-26T19:37:00","slug":"el-bieldo-y-las-bellas-palabras-del-espanol","status":"publish","type":"post","link":"https:\/\/blogs.hoy.es\/Juandomingofernandez\/2016\/05\/26\/el-bieldo-y-las-bellas-palabras-del-espanol\/","title":{"rendered":"El bieldo y las bellas palabras del espa\u00f1ol"},"content":{"rendered":"<p>Hay palabras por las que sentimos cari\u00f1o especial o predilecci\u00f3n. Cuando en las redes sociales se elaboran listas de palabras bellas en espa\u00f1ol suelen ocupar los primeros puestos vocablos como:  lib\u00e9lula, azahar, amor, lapisl\u00e1zuli, madre, candil, zagu\u00e1n, libertad&#8230;  En la relaci\u00f3n de mis preferidas figuran otras muchas vinculadas a emociones o vivencias de dif\u00edcil clasificaci\u00f3n: \u00e1mbito, claridad, resonancia, serendipia&#8230; Sin embargo, hay una palabra que acude rauda a mi memoria porque me traslada a un momento y a un lugar concretos: una clase de Historia en la antigua Facultad de Filosof\u00eda y Letras de C\u00e1ceres con el profesor \u00c1ngel Rodr\u00edguez S\u00e1nchez, ilustre catedr\u00e1tico que nos hab\u00eda dado a comentar un texto an\u00f3nimo del periodo feudal en el que aparec\u00eda, precisamente, esa palabra. \u00ab\u00bfQui\u00e9n sabe lo que significa \u2018<a href=\"http:\/\/alpi.csic.es\/es\/galeria\/trabajos_galeria?title=bieldo&#038;field_clasificacion_value_i18n=All\" target=\"_blank\">bieldo<\/a>\u2019?\u00bb. Levant\u00e9 t\u00edmidamente la mano y contest\u00e9. S\u00ed, \u2018<a href=\"https:\/\/www.google.es\/search?q=bieldo+de+madera&#038;biw=1223&#038;bih=824&#038;source=lnms&#038;tbm=isch&#038;sa=X&#038;ved=0ahUKEwiVx9SvtvjMAhUFsBQKHXGzApQQ_AUIBigB\" target=\"_blank\">bieldo<\/a>\u2019 es, como se\u00f1ala el diccionario Clave: un instrumento de labranza que se usa para separar la paja del grano y que est\u00e1 formado por un palo largo y un travesa\u00f1o con cuatro dientes sujeto a uno de sus extremos.<br \/>\nA  m\u00ed aquella palabra me resultaba de sobra conocida no solo porque hab\u00eda visto muchos bieldos durante los veranos en las eras donde se trillaba el trigo, sino porque mi madre citaba un refr\u00e1n que ella dice que le oy\u00f3 muchas veces a mi abuelo Juan Domingo como ense\u00f1anza de sabidur\u00eda popular: \u00abDios te d\u00e9 un yerno que haga los bieldos en el invierno\u00bb. Es decir, alguien previsor, que trabaje con anticipaci\u00f3n y no lo deje todo para el \u00faltimo momento o cuando ya no haya ocasi\u00f3n&#8230;<br \/>\nEn Espa\u00f1a, un pa\u00eds donde se cre\u00f3 nada menos que un organismo denominado Instituto Nacional de Previsi\u00f3n parece superfluo defender el concepto de previsi\u00f3n como un valor clave para la estabilidad social. Se da por descontado. Si el tambaleante estado del bienestar se apoya sobre alg\u00fan pilar es precisamente sobre el de la previsi\u00f3n. \u00abHombre previsor, vale por dos\u00bb. \u00abM\u00e1s vale prevenir que curar\u00bb. Y hasta los ni\u00f1os aprenden desde parvulitos que en la f\u00e1bula de la hormiga trabajadora y la cigarra holgazana el ejemplo a seguir es el de la laboriosa hormiga, no el de la cantarina cigarra.<br \/>\nEn pol\u00edtica tambi\u00e9n hay que ser previsores. Los responsables y quienes nos encargamos de elegir a los responsables. Es nuestra tarea. Desconf\u00edo de los que venden duros a cuatro pesetas tanto como de quienes se zampan lo que hay en la despensa sin pensar en ma\u00f1ana. Desconf\u00edo del pol\u00edtico que permite que se tambalee el estado del bienestar con tal de seguir manejando el cotarro. Lo que est\u00e1 en juego,  \u2013como siempre\u2013 es la econom\u00eda. Y los que mejor lo saben son quienes la manejan y controlan: los mercados y el poder financiero global. Ni usted, ni yo. Tampoco los poderes delegados: los respectivos gobiernos o mandos interpuestos a los que \u00fanicamente cabe trasladarles la recomendaci\u00f3n de Ibsen: \u00abNo apagues la antorcha que humea si no tienes otros fuegos que alumbren mejor\u00bb. Y ten a mano el bieldo. <\/p>\n<!-- AddThis Advanced Settings generic via filter on the_content --><!-- AddThis Share Buttons generic via filter on the_content -->","protected":false},"excerpt":{"rendered":"<p>Hay palabras por las que sentimos cari\u00f1o especial o predilecci\u00f3n. Cuando en las redes sociales se elaboran listas de palabras bellas en espa\u00f1ol suelen ocupar los primeros puestos vocablos como: lib\u00e9lula, azahar, amor, lapisl\u00e1zuli, madre, candil, zagu\u00e1n, libertad&#8230; En la relaci\u00f3n de mis preferidas figuran otras muchas vinculadas a emociones o vivencias de dif\u00edcil clasificaci\u00f3n: [&hellip;]<!-- AddThis Advanced Settings generic via filter on get_the_excerpt --><!-- AddThis Share Buttons generic via filter on get_the_excerpt --><\/p>\n","protected":false},"author":13,"featured_media":0,"comment_status":"open","ping_status":"closed","sticky":false,"template":"","format":"standard","meta":[],"categories":[1],"tags":[75,155,179,371,424,602,744,1015,1142],"_links":{"self":[{"href":"https:\/\/blogs.hoy.es\/Juandomingofernandez\/wp-json\/wp\/v2\/posts\/598"}],"collection":[{"href":"https:\/\/blogs.hoy.es\/Juandomingofernandez\/wp-json\/wp\/v2\/posts"}],"about":[{"href":"https:\/\/blogs.hoy.es\/Juandomingofernandez\/wp-json\/wp\/v2\/types\/post"}],"author":[{"embeddable":true,"href":"https:\/\/blogs.hoy.es\/Juandomingofernandez\/wp-json\/wp\/v2\/users\/13"}],"replies":[{"embeddable":true,"href":"https:\/\/blogs.hoy.es\/Juandomingofernandez\/wp-json\/wp\/v2\/comments?post=598"}],"version-history":[{"count":0,"href":"https:\/\/blogs.hoy.es\/Juandomingofernandez\/wp-json\/wp\/v2\/posts\/598\/revisions"}],"wp:attachment":[{"href":"https:\/\/blogs.hoy.es\/Juandomingofernandez\/wp-json\/wp\/v2\/media?parent=598"}],"wp:term":[{"taxonomy":"category","embeddable":true,"href":"https:\/\/blogs.hoy.es\/Juandomingofernandez\/wp-json\/wp\/v2\/categories?post=598"},{"taxonomy":"post_tag","embeddable":true,"href":"https:\/\/blogs.hoy.es\/Juandomingofernandez\/wp-json\/wp\/v2\/tags?post=598"}],"curies":[{"name":"wp","href":"https:\/\/api.w.org\/{rel}","templated":true}]}}