{"id":602,"date":"2016-06-23T19:34:53","date_gmt":"2016-06-23T18:34:53","guid":{"rendered":"http:\/\/blogs.hoy.es\/Juandomingofernandez\/?p=602"},"modified":"2016-06-23T19:34:53","modified_gmt":"2016-06-23T18:34:53","slug":"las-promesas-y-como-caza-la-perrina","status":"publish","type":"post","link":"https:\/\/blogs.hoy.es\/Juandomingofernandez\/2016\/06\/23\/las-promesas-y-como-caza-la-perrina\/","title":{"rendered":"Las promesas y c\u00f3mo caza la perrina"},"content":{"rendered":"<p>Las promesas suele olvidarlas quien las hace, no quien las recibe. De ah\u00ed la famosa dedicatoria de Miguel Hern\u00e1ndez en \u2018El rayo que no cesa\u2019: \u00abA ti sola, en cumplimiento de una promesa que habr\u00e1s olvidado como si fuera tuya\u00bb. Doble declaraci\u00f3n de amor y de reproche. Hay que ser un poeta para reunir con agudeza y sensibilidad las contradicciones del amor y del deseo; el doble sentimiento de la pasi\u00f3n y de la queja.<br \/>\nPor desgracia, ese tipo de hallazgos suele estar reservado al \u00e1mbito de la literatura y creo que dif\u00edcilmente lo encontramos por ejemplo en las promesas de la vida p\u00fablica. Quiero decir que el desconsuelo por las promesas incumplidas de los pol\u00edticos nunca es objeto de deleite ni trae la indemnizaci\u00f3n de la belleza literaria. Suenan en prosa, sin poes\u00eda y sin anestesia.<br \/>\nLas promesas incumplidas que me desazonan no son \u00fanicamente las del partido que ahora est\u00e1 en el gobierno y que conocemos de sobra:  subida de impuestos (incluido el IVA  cultural) copago, amnist\u00eda fiscal, reforma laboral, rescate a los bancos&#8230;, sino las promesas de un futuro a corto o medio plazo que han hipotecado para varias generaciones de espa\u00f1oles a los que no les queda otro destino que emigrar al extranjero y prepararse para afrontar una existencia marcada por una deuda billonaria y terriblemente monstruosa.<br \/>\nUn pa\u00eds que favorece y promueve la concentraci\u00f3n de la riqueza hasta extremos insensatos, promoviendo un desequilibrio social inestable y de riesgo. Un pa\u00eds donde parece justificada cualquier estrategia \u2018electoral\u2019 si se le supone rentabilidad en las urnas. Me duele no tanto que incumplan promesas de asuntos econ\u00f3micos muy concretos, sino que ensombrezcan la esperanza, que es casi lo \u00fanico que nos queda; me desazona que nos roben el futuro. Y  el de nuestros hijos.<br \/>\nMe duele la deriva de quienes llevan a\u00f1os incumpliendo y las perspectivas de quienes en pocos meses ya han dado muestras de una \u2018inmoralidad\u2019 populista, cuajada de contradicciones, que no reconoce m\u00e1s dios que el de la megaloman\u00eda y el tactismo propio de trepadores, \u00e1grafos o con estudios&#8230;<br \/>\nAs\u00ed que no temo \u00fanicamente las promesas incumplidas de quienes ante la corrupci\u00f3n m\u00e1s apestosa miran al cielo y se ponen a silbar, sino las promesas que presiento traicionadas con \u00abcar\u00e1cter retroactivo\u00bb desde el mismo instante en que los que aspiran a tocar poder se desplieguen por las moquetas y asalten el cielo de los sillones.<br \/>\nMejor hechos que promesas. Y  mejor aun promesas que puedan cumplirse, que no a\u00f1adan frustraci\u00f3n al malestar general. Basta de Job y \u2018minijob\u2019. De igual modo que nos expresamos con el lenguaje oral, escrito y el lenguaje no verbal, las campa\u00f1as electorales sirven para conocer promesas y programas, pero tambi\u00e9n para descubrir lo que popularmente se resume con la frase: \u00abme gusta (o no me gusta) c\u00f3mo caza la perrina\u00bb. Ustedes me entienden. <\/p>\n<!-- AddThis Advanced Settings generic via filter on the_content --><!-- AddThis Share Buttons generic via filter on the_content -->","protected":false},"excerpt":{"rendered":"<p>Las promesas suele olvidarlas quien las hace, no quien las recibe. De ah\u00ed la famosa dedicatoria de Miguel Hern\u00e1ndez en \u2018El rayo que no cesa\u2019: \u00abA ti sola, en cumplimiento de una promesa que habr\u00e1s olvidado como si fuera tuya\u00bb. Doble declaraci\u00f3n de amor y de reproche. Hay que ser un poeta para reunir con [&hellip;]<!-- AddThis Advanced Settings generic via filter on get_the_excerpt --><!-- AddThis Share Buttons generic via filter on get_the_excerpt --><\/p>\n","protected":false},"author":13,"featured_media":0,"comment_status":"open","ping_status":"closed","sticky":false,"template":"","format":"standard","meta":[],"categories":[1],"tags":[248,259,287,294,319,391,422,585,851,1015,1024,1052],"_links":{"self":[{"href":"https:\/\/blogs.hoy.es\/Juandomingofernandez\/wp-json\/wp\/v2\/posts\/602"}],"collection":[{"href":"https:\/\/blogs.hoy.es\/Juandomingofernandez\/wp-json\/wp\/v2\/posts"}],"about":[{"href":"https:\/\/blogs.hoy.es\/Juandomingofernandez\/wp-json\/wp\/v2\/types\/post"}],"author":[{"embeddable":true,"href":"https:\/\/blogs.hoy.es\/Juandomingofernandez\/wp-json\/wp\/v2\/users\/13"}],"replies":[{"embeddable":true,"href":"https:\/\/blogs.hoy.es\/Juandomingofernandez\/wp-json\/wp\/v2\/comments?post=602"}],"version-history":[{"count":0,"href":"https:\/\/blogs.hoy.es\/Juandomingofernandez\/wp-json\/wp\/v2\/posts\/602\/revisions"}],"wp:attachment":[{"href":"https:\/\/blogs.hoy.es\/Juandomingofernandez\/wp-json\/wp\/v2\/media?parent=602"}],"wp:term":[{"taxonomy":"category","embeddable":true,"href":"https:\/\/blogs.hoy.es\/Juandomingofernandez\/wp-json\/wp\/v2\/categories?post=602"},{"taxonomy":"post_tag","embeddable":true,"href":"https:\/\/blogs.hoy.es\/Juandomingofernandez\/wp-json\/wp\/v2\/tags?post=602"}],"curies":[{"name":"wp","href":"https:\/\/api.w.org\/{rel}","templated":true}]}}