{"id":607,"date":"2016-07-14T20:57:30","date_gmt":"2016-07-14T19:57:30","guid":{"rendered":"http:\/\/blogs.hoy.es\/Juandomingofernandez\/?p=607"},"modified":"2016-07-14T20:57:30","modified_gmt":"2016-07-14T19:57:30","slug":"del-odio-y-de-redes-sociales","status":"publish","type":"post","link":"https:\/\/blogs.hoy.es\/Juandomingofernandez\/2016\/07\/14\/del-odio-y-de-redes-sociales\/","title":{"rendered":"Del odio y de redes sociales"},"content":{"rendered":"<p>Las burlas y expresiones de odio vertidas en las redes sociales por la muerte del torero V\u00edctor Barrio son las dos caras de una moneda, la de nuestro pa\u00eds. Mientras un pu\u00f1ado de \u00absoci\u00f3patas\u00bb, como los califica Fernando Savater, vuelcan en las redes \u00abla cantidad de basura que la gente lleva en la cabeza\u00bb, miles de personas adem\u00e1s de escandalizarse por esos disparates les afean tales conductas buscando incluso el amparo de la justicia.<br \/>\nEn un pa\u00eds como Espa\u00f1a, cuyo emblema hace d\u00e9cadas podr\u00eda haber sido el cuadro de Goya \u2018Pelea a garrotazos\u2019 y el lema las palabras de Machado: \u00abDe cada diez cabezas, nueve embisten y una piensa\u00bb, las cosas han cambiado mucho, a pesar de episodios b\u00e1rbaros como el de las burlas por la muerte de un joven diestro en una plaza de toros.<br \/>\nDesde estas mismas p\u00e1ginas nos invita el psic\u00f3logo Carlos Pajuelo a evitar las expresiones de odio y desprecio al \u2018otro\u2019, a quienes no comparten nuestras ideas o sentimientos.<br \/>\n\u00abLos m\u00e1s obstinados suelen ser los m\u00e1s equivocados, como todos los que no han aprendido a dudar\u00bb, dec\u00eda Samuel Butler. La costumbre de aprender a dudar y de ejercitarse en el respeto al de enfrente es una vacuna muy eficaz contra el fanatismo que no cuenta, por desgracia, con gran tradici\u00f3n entre nosotros. Somos el pa\u00eds del esperpento pero a la vez el pa\u00eds que se identifica \u2013no s\u00e9 si instintivamente\u2013 con dos h\u00e9roes complementarios como Don Quijote y Sancho Panza. El pa\u00eds que se desangra en una guerra civil en el siglo XX y que es capaz sin embargo de hacer una Transici\u00f3n pol\u00edtica sobre la que edificar un nuevo modelo de convivencia nacional.<br \/>\n Es cierto que episodios como el de las burlas y los comentarios ruines en las redes a ra\u00edz de la muerte de V\u00edctor Barrio podr\u00edan invitar al pesimismo, pero yo creo que es al contrario: el hecho de que embestidas semejantes no se reciban con indiferencia sino con indignaci\u00f3n revelan que a\u00fan existe sensibilidad y conciencia social, que no tenemos acorchados ni el esp\u00edritu cr\u00edtico ni el sentido com\u00fan.<br \/>\nEn la vida el placer y el dolor van unidos. Tambi\u00e9n el honor y la ignominia. El episodio de las burlas y las expresiones de odio son en el fondo asuntos anecd\u00f3ticos, aunque sus autores crean que han dado en el blanco y que se trata de ataques certeros puesto que no pasaron inadvertidos&#8230; Ya se sabe que por las redes discurre una considerable cantidad de detritus. Las redes son un organismo joven y en consecuencia sometido a crisis de crecimiento&#8230; Quiz\u00e1s casos as\u00ed constituyan el peaje, el tributo precisamente por la facilidad de acceso que supone su uso y la agilidad de los mensajes.<br \/>\nQuiero decir que estos episodios tienen car\u00e1cter anecd\u00f3tico pues a largo plazo no ser\u00e1n posibles impunemente. Nadie est\u00e1 libre de que cualquier zoquete pierda bilis y aterrice en la galaxia digital con mensajes injuriosos o delictivos, pero no sin que sea sancionada su conducta. Es lo positivo. <\/p>\n<!-- AddThis Advanced Settings generic via filter on the_content --><!-- AddThis Share Buttons generic via filter on the_content -->","protected":false},"excerpt":{"rendered":"<p>Las burlas y expresiones de odio vertidas en las redes sociales por la muerte del torero V\u00edctor Barrio son las dos caras de una moneda, la de nuestro pa\u00eds. Mientras un pu\u00f1ado de \u00absoci\u00f3patas\u00bb, como los califica Fernando Savater, vuelcan en las redes \u00abla cantidad de basura que la gente lleva en la cabeza\u00bb, miles [&hellip;]<!-- AddThis Advanced Settings generic via filter on get_the_excerpt --><!-- AddThis Share Buttons generic via filter on get_the_excerpt --><\/p>\n","protected":false},"author":13,"featured_media":0,"comment_status":"open","ping_status":"closed","sticky":false,"template":"","format":"standard","meta":[],"categories":[1],"tags":[199,262,422,481,522,1087,1102,1148,1326,1374],"_links":{"self":[{"href":"https:\/\/blogs.hoy.es\/Juandomingofernandez\/wp-json\/wp\/v2\/posts\/607"}],"collection":[{"href":"https:\/\/blogs.hoy.es\/Juandomingofernandez\/wp-json\/wp\/v2\/posts"}],"about":[{"href":"https:\/\/blogs.hoy.es\/Juandomingofernandez\/wp-json\/wp\/v2\/types\/post"}],"author":[{"embeddable":true,"href":"https:\/\/blogs.hoy.es\/Juandomingofernandez\/wp-json\/wp\/v2\/users\/13"}],"replies":[{"embeddable":true,"href":"https:\/\/blogs.hoy.es\/Juandomingofernandez\/wp-json\/wp\/v2\/comments?post=607"}],"version-history":[{"count":0,"href":"https:\/\/blogs.hoy.es\/Juandomingofernandez\/wp-json\/wp\/v2\/posts\/607\/revisions"}],"wp:attachment":[{"href":"https:\/\/blogs.hoy.es\/Juandomingofernandez\/wp-json\/wp\/v2\/media?parent=607"}],"wp:term":[{"taxonomy":"category","embeddable":true,"href":"https:\/\/blogs.hoy.es\/Juandomingofernandez\/wp-json\/wp\/v2\/categories?post=607"},{"taxonomy":"post_tag","embeddable":true,"href":"https:\/\/blogs.hoy.es\/Juandomingofernandez\/wp-json\/wp\/v2\/tags?post=607"}],"curies":[{"name":"wp","href":"https:\/\/api.w.org\/{rel}","templated":true}]}}