{"id":609,"date":"2016-07-28T19:56:06","date_gmt":"2016-07-28T18:56:06","guid":{"rendered":"http:\/\/blogs.hoy.es\/Juandomingofernandez\/?p=609"},"modified":"2016-07-28T19:56:06","modified_gmt":"2016-07-28T18:56:06","slug":"cargar-con-el-mochuelo","status":"publish","type":"post","link":"https:\/\/blogs.hoy.es\/Juandomingofernandez\/2016\/07\/28\/cargar-con-el-mochuelo\/","title":{"rendered":"Cargar con el mochuelo"},"content":{"rendered":"<p>Los proleg\u00f3menos en el Congreso para la investidura del futuro presidente del Gobierno tienen algo de comedia de enredo y bastante de juego de trileros, pero con las cartas en poder de sus se\u00f1or\u00edas y nosotros convertidos en los \u2018primos\u2019 y en las v\u00edctimas que corren con los gastos. \u00abLa primera perdiz que levanta el vuelo recibe el tiro\u00bb, dice el proverbio. Agazapados en sus respectivas estrategias, los partidos veteranos y los nuevos juegan al despiste por ver si evitan cargar con el mochuelo.<br \/>\nEl mochuelo equivale aqu\u00ed a comprometerse con algo que hipoteca tu futuro o tus perspectivas personales. En el caso de Rajoy, por ejemplo, aceptar que est\u00e1 en la c\u00faspide jer\u00e1rquica de la \u2018balanza maldita\u2019: esa que sostiene en un platillo el mayor n\u00famero de diputados y en el otro los m\u00e1s variados y profundos episodios de corrupci\u00f3n&#8230;<br \/>\nEl mochuelo en el caso de Pedro S\u00e1nchez equivale a un liderazgo sin consolidar y sin respaldo social, basado en el mero tr\u00e1mite de haber sido elegido en primarias dentro de los cuadros org\u00e1nicos de su partido, como si tal circunstancia acarreara por ciencia infusa el carisma o constituyera un salvoconducto permanente frente al \u2018reproche\u2019 social de  unos resultados electorales supermenguantes y de estar pilotando el principal partido hist\u00f3rico del pa\u00eds como el que conduce un veh\u00edculo cuesta abajo y sin frenos&#8230;<br \/>\n El mochuelo en el caso de Pablo Iglesias es descubrir que no cabe sorber y soplar al mismo tiempo, que no se puede aspirar a la primogenitura de la izquierda desde postulados que jam\u00e1s han tenido asiento en la realidad y menos interpretados bajo la atm\u00f3sfera egoc\u00e9ntrica de una formaci\u00f3n familiarizada con los departamentos universitarios y los plat\u00f3s de las televisiones pero sin un contacto pr\u00f3ximo a la realidad del ciudadano de la calle.<br \/>\nEl mochuelo para Albert Rivera lo constituye el riesgo de seguir apostando por la renovaci\u00f3n democr\u00e1tica y a la vez comulgar con las ruedas de molino y las contradicciones de vivir entre dos aguas. Las contradicciones de que en tan ardua tarea les van a etiquetar y cobrar peaje de \u2018derechistas\u2019 si transigen con el PP y por el otro lado le van a cobrar el peaje sobre la credibilidad de su af\u00e1n renovador si no consigue regresar de la batida al menos con la cabeza de Rajoy&#8230;<br \/>\n  La suerte de Rajoy es que el tiempo corre a su favor. Cuanto peor, mejor para \u00e9l. Porque el Partido Popular (y en G\u00e9nova lo saben) es quien menos tiene que perder en unas pr\u00f3ximas elecciones, donde acariciar\u00eda probablemente la mayor\u00eda absoluta. De ah\u00ed el clamor generalizado reclamando pactos y soluciones de forma urgente mientras los pol\u00edticos, al igual que los amantes enga\u00f1ados, parece que son los \u00faltimos en enterarse&#8230;<br \/>\nLa suerte est\u00e1 echada. Lamentarse es absurdo. Las diez de monte siempre ser\u00e1n para el PP pues aunque pierda, nunca perder\u00e1 tanto como el PSOE, Podemos y Ciudadanos. Y el com\u00fan de la gente, claro, que pagaremos el mochuelo.<\/p>\n<!-- AddThis Advanced Settings generic via filter on the_content --><!-- AddThis Share Buttons generic via filter on the_content -->","protected":false},"excerpt":{"rendered":"<p>Los proleg\u00f3menos en el Congreso para la investidura del futuro presidente del Gobierno tienen algo de comedia de enredo y bastante de juego de trileros, pero con las cartas en poder de sus se\u00f1or\u00edas y nosotros convertidos en los \u2018primos\u2019 y en las v\u00edctimas que corren con los gastos. \u00abLa primera perdiz que levanta el [&hellip;]<!-- AddThis Advanced Settings generic via filter on get_the_excerpt --><!-- AddThis Share Buttons generic via filter on get_the_excerpt --><\/p>\n","protected":false},"author":13,"featured_media":0,"comment_status":"open","ping_status":"closed","sticky":false,"template":"","format":"standard","meta":[],"categories":[1],"tags":[42,391,413,422,437,944,948,978,1015,1072],"_links":{"self":[{"href":"https:\/\/blogs.hoy.es\/Juandomingofernandez\/wp-json\/wp\/v2\/posts\/609"}],"collection":[{"href":"https:\/\/blogs.hoy.es\/Juandomingofernandez\/wp-json\/wp\/v2\/posts"}],"about":[{"href":"https:\/\/blogs.hoy.es\/Juandomingofernandez\/wp-json\/wp\/v2\/types\/post"}],"author":[{"embeddable":true,"href":"https:\/\/blogs.hoy.es\/Juandomingofernandez\/wp-json\/wp\/v2\/users\/13"}],"replies":[{"embeddable":true,"href":"https:\/\/blogs.hoy.es\/Juandomingofernandez\/wp-json\/wp\/v2\/comments?post=609"}],"version-history":[{"count":0,"href":"https:\/\/blogs.hoy.es\/Juandomingofernandez\/wp-json\/wp\/v2\/posts\/609\/revisions"}],"wp:attachment":[{"href":"https:\/\/blogs.hoy.es\/Juandomingofernandez\/wp-json\/wp\/v2\/media?parent=609"}],"wp:term":[{"taxonomy":"category","embeddable":true,"href":"https:\/\/blogs.hoy.es\/Juandomingofernandez\/wp-json\/wp\/v2\/categories?post=609"},{"taxonomy":"post_tag","embeddable":true,"href":"https:\/\/blogs.hoy.es\/Juandomingofernandez\/wp-json\/wp\/v2\/tags?post=609"}],"curies":[{"name":"wp","href":"https:\/\/api.w.org\/{rel}","templated":true}]}}