{"id":613,"date":"2016-09-15T20:41:14","date_gmt":"2016-09-15T19:41:14","guid":{"rendered":"http:\/\/blogs.hoy.es\/Juandomingofernandez\/?p=613"},"modified":"2016-09-15T20:41:14","modified_gmt":"2016-09-15T19:41:14","slug":"wolf-vostell","status":"publish","type":"post","link":"https:\/\/blogs.hoy.es\/Juandomingofernandez\/2016\/09\/15\/wolf-vostell\/","title":{"rendered":"Wolf Vostell"},"content":{"rendered":"<p>En la tumba de Wolf  Vostell, en el cementerio civil de La Almudena, en Madrid, figura un epitafio escrito en espa\u00f1ol y en hebreo: \u00abSon las cosas que no conoc\u00e9is las que cambiar\u00e1n vuestra vida\u00bb.<br \/>\nEstos d\u00edas se conmemoran los 40 a\u00f1os del proceso de creaci\u00f3n del <a href=\"http:\/\/museovostell.gobex.es\/\" target=\"_blank\">Museo Vostell de Malpartida<\/a> de C\u00e1ceres, cuando el artista berlin\u00e9s-extreme\u00f1o<br \/>\n\u2013como le gustaba definirse a s\u00ed mismo\u2013 sinti\u00f3 curiosidad por conocer la tierra que reflejaba Bu\u00f1uel en su pel\u00edcula sobre las Hurdes, la belleza de los \u2018zurbaranes\u2019 del Monasterio de Guadalupe y, sobre todo, tras el momento fundacional en que decide instalar, octubre de 1976, en el paraje gran\u00edtico de Los Barruecos \u2013para \u00e9l todo un deslumbramiento\u2013 la escultura de un antiguo Opel incunstrado en un bloque de hormig\u00f3n y titulada \u2018V.O.A.E.X\u2019. (\u2019Viaje de (H)ormig\u00f3n por la Alta Extremadura\u2019). El choque entre el progreso y la naturaleza.<br \/>\nPor entonces Vostell ya hab\u00eda declarado a Los Barruecos \u00abObra de Arte de la Naturaleza\u00bb y se daban los primeros pasos para que el antiguo y semiderruido lavadero de lanas de tiempos de la Mesta acabara convertido en <a href=\"https:\/\/es.wikipedia.org\/wiki\/Museo_Vostell_Malpartida\" target=\"_blank\">Museo Vostell<\/a> con la Junta de Extremadura vinculada al proyecto tras emprender en 1992 la restauraci\u00f3n de las instalaciones junto a la charca grande del singular paraje.<br \/>\nEl resto de la historia es bien conocido. La consolidaci\u00f3n del museo se produjo con la restauraci\u00f3n de 1994, que permiti\u00f3 incorporar al recinto las obras de la colecci\u00f3n Wolf y Mercedes Vostell y la de 1998, con la restauraci\u00f3n de la antigua \u2018Nave de la Estriba\u2019, destinada a las colecciones Fluxus-Donaci\u00f3n Gino Di Maggio, m\u00e1s otras de artistas espa\u00f1oles, portugueses y polacos que, por desgracia, ya no pudo ver inaugurada Vostell porque le sorprendi\u00f3 la muerte el 3 de abril de 1998 en Berl\u00edn.<br \/>\nAunque he tenido la suerte de asistir como periodista y aficionado al arte a bastantes momentos significativos de ese museo, mi intenci\u00f3n ahora no es detallar los pormenores de su evoluci\u00f3n, sino reflexionar acerca de aspectos tangenciales que suelen pasar inadvertidos. \u00bfAlguien se pregunta qu\u00e9 ocurrir\u00eda hoy si Malpartida de C\u00e1ceres no tuviera el Museo Vostell? \u00bfSe valoran debidamente los beneficios que aporta a la proyecci\u00f3n cultural y tur\u00edstica de la localidad, de C\u00e1ceres y de Extremadura? \u00bfSe tiene conciencia clara de cu\u00e1ntos apostaron sin reservas por ese proyecto?<br \/>\nEs indudable que el hoy declarado Monumento Natural de Los Barruecos y el Museo Vostell Malpartida (MVM) forman un binomio que se complementa y enriquece mutuamente. Pero no surgi\u00f3 por azar. Ni de la nada. \u00bfSon posibles otros proyectos equivalentes en otras partes de Extremadura?<br \/>\nEl MVM \u2013un \u2018antimuseo\u2019 que no puede convertirse en un \u2018mausoleo\u2019, seg\u00fan dijo el propio Juan Carlos Rodr\u00edguez Ibarra en 2001, al inaugurar la exposici\u00f3n conmemorativa de los 25 a\u00f1os\u2013 sigue interrog\u00e1ndonos, transgrediendo, innovando y cumpliendo la tarea que Wolf Vostell atribuye al arte seg\u00fan la famosa frase del fil\u00f3sofo Adorno: \u00abSolamente la forma radical de romper el arte convencional nos puede decir nuevas verdades\u00bb. <\/p>\n<!-- AddThis Advanced Settings generic via filter on the_content --><!-- AddThis Share Buttons generic via filter on the_content -->","protected":false},"excerpt":{"rendered":"<p>En la tumba de Wolf Vostell, en el cementerio civil de La Almudena, en Madrid, figura un epitafio escrito en espa\u00f1ol y en hebreo: \u00abSon las cosas que no conoc\u00e9is las que cambiar\u00e1n vuestra vida\u00bb. Estos d\u00edas se conmemoran los 40 a\u00f1os del proceso de creaci\u00f3n del Museo Vostell de Malpartida de C\u00e1ceres, cuando el [&hellip;]<!-- AddThis Advanced Settings generic via filter on get_the_excerpt --><!-- AddThis Share Buttons generic via filter on get_the_excerpt --><\/p>\n","protected":false},"author":13,"featured_media":0,"comment_status":"open","ping_status":"closed","sticky":false,"template":"","format":"standard","meta":[],"categories":[1],"tags":[32,103,456,494,536,555,705,767,788,837,1309,1361,1376],"_links":{"self":[{"href":"https:\/\/blogs.hoy.es\/Juandomingofernandez\/wp-json\/wp\/v2\/posts\/613"}],"collection":[{"href":"https:\/\/blogs.hoy.es\/Juandomingofernandez\/wp-json\/wp\/v2\/posts"}],"about":[{"href":"https:\/\/blogs.hoy.es\/Juandomingofernandez\/wp-json\/wp\/v2\/types\/post"}],"author":[{"embeddable":true,"href":"https:\/\/blogs.hoy.es\/Juandomingofernandez\/wp-json\/wp\/v2\/users\/13"}],"replies":[{"embeddable":true,"href":"https:\/\/blogs.hoy.es\/Juandomingofernandez\/wp-json\/wp\/v2\/comments?post=613"}],"version-history":[{"count":0,"href":"https:\/\/blogs.hoy.es\/Juandomingofernandez\/wp-json\/wp\/v2\/posts\/613\/revisions"}],"wp:attachment":[{"href":"https:\/\/blogs.hoy.es\/Juandomingofernandez\/wp-json\/wp\/v2\/media?parent=613"}],"wp:term":[{"taxonomy":"category","embeddable":true,"href":"https:\/\/blogs.hoy.es\/Juandomingofernandez\/wp-json\/wp\/v2\/categories?post=613"},{"taxonomy":"post_tag","embeddable":true,"href":"https:\/\/blogs.hoy.es\/Juandomingofernandez\/wp-json\/wp\/v2\/tags?post=613"}],"curies":[{"name":"wp","href":"https:\/\/api.w.org\/{rel}","templated":true}]}}