{"id":614,"date":"2016-09-22T20:28:53","date_gmt":"2016-09-22T19:28:53","guid":{"rendered":"http:\/\/blogs.hoy.es\/Juandomingofernandez\/?p=614"},"modified":"2016-09-22T20:28:53","modified_gmt":"2016-09-22T19:28:53","slug":"de-miedos-y-votos","status":"publish","type":"post","link":"https:\/\/blogs.hoy.es\/Juandomingofernandez\/2016\/09\/22\/de-miedos-y-votos\/","title":{"rendered":"De miedos y votos"},"content":{"rendered":"<p>Observo con curiosidad m\u00e1s \u2018sociol\u00f3gica\u2019 que pol\u00edtica el videoclip de los debates que sostienen en twitter <a href=\"http:\/\/www.hoy.es\/nacional\/201609\/20\/iglesias-dejemos-miedo-seremos-20160920160419-rc.html\" target=\"_blank\">Pablo Iglesias e \u00cd\u00f1igo Errej\u00f3n<\/a>. En vez de organizar asambleas con sus correspondientes prolongaciones en los \u2018c\u00edrculos\u2019, los representantes de las dos (\u00bf) \u2018corrientes\u2019 podemitas resumen su pensamiento en las redes y ah\u00ed queda la esgrima del minipulso, y quien quiera entender que entienda.<br \/>\nImagino que el procedimiento debe resultarles c\u00f3modo, aunque yo cre\u00eda que medidas tan relevantes como fijar la estrategia de una formaci\u00f3n pol\u00edtica de nuevo cu\u00f1o deb\u00eda sustanciarse a trav\u00e9s de discusiones con m\u00e1s enjundia que la que cabe en los 140 caracteres de un tuit, y m\u00e1s en un partido que se debate ahora entre convertirse en el ogro de los poderosos mal\u00edsimos  o en un partido seductor \u00abpara la parte de nuestro pueblo que sufre pero a\u00fan no conf\u00eda en nosotros\u00bb, como argumenta Errej\u00f3n.<br \/>\nDec\u00eda Napole\u00f3n que \u00abes muy raro que una numerosa asamblea razone; se apasiona con demasiada rapidez\u00bb. Con el sistema de tuits, all\u00e1 pasiones&#8230;<br \/>\nMientras, <a href=\"http:\/\/www.hoy.es\/nacional\/201609\/21\/psoe-reunira-comite-federal-20160921173140-rc.html\" target=\"_blank\">el PSOE reunir\u00e1 a su Comit\u00e9 Federal<\/a>, m\u00e1ximo \u00f3rgano del partido, el 1 de octubre para debatir acerca de las medidas que eviten las terceras elecciones. En este caso la necesidad del debate la sugieren los l\u00edderes y barones territoriales obligados a solucionar problemas de la gente que sufre la realidad diaria; no la sugieren simples cargos org\u00e1nicos de un partido y pendientes sobre todo de c\u00f3mo sacar m\u00e1s votos&#8230;<br \/>\nAs\u00ed que con Rajoy atrincherado en la relajada molicie de ser el l\u00edder que conserva un mayor n\u00famero de diputados electos, las dos inc\u00f3gnitas inmediatas en el panorama nacional ser\u00e1n Podemos y el PSOE. En el caso de Podemos para descubrir cu\u00e1l de las dos ramas \u2013los \u2018atemorizadores\u2019 o los \u2018seductores\u2019\u2013 impone finalmente sus tesis y sus tuits&#8230; En el del PSOE la inc\u00f3gnita ser\u00e1 si el suicidio a c\u00e1mara lenta pasa por las terceras elecciones y si el cabeza de cartel sigue siendo su actual secretario general. Esta inc\u00f3gnita es probable que se despeje el mismo 1 de octubre durante la reuni\u00f3n del Comit\u00e9 Federal socialista, aunque no ser\u00e1 dif\u00edcil averiguar por d\u00f3nde discurrir\u00e1n los argumentos durante la noche del pr\u00f3ximo domingo, 25 de septiembre, cuando se conozcan los resultados de las elecciones gallegas y vascas.<br \/>\nSi la tendencia con Pedro S\u00e1nchez es aceleradamente a la baja, tal vez el 1 de octubre quienes acaricien la opci\u00f3n de \u00abmuera Sans\u00f3n y todos los filisteos\u00bb no sea \u00fanicamente Pedro S\u00e1nchez sino la mayor\u00eda de los 300 cargos que integran el Comit\u00e9 Federal. De perdidos, al r\u00edo.<br \/>\nEs una verdadera fatalidad que en tiempos en que hace falta adem\u00e1s de coraje y perspicacia, al PSOE  le haya sorprendido la historia con una direcci\u00f3n org\u00e1nica sin consolidar, sin el respaldo de trayectorias vitales fraguadas en la adversidad y adem\u00e1s con escasa experiencia de gesti\u00f3n y no excesivo instinto pol\u00edtico&#8230;  Justo cuando el adversario por la izquierda afila sus colmillos;  el de la derecha sigue disfrazando con piel de oveja su condici\u00f3n de lobo y los nacionalistas (independentistas) a su matraca, como siempre. <\/p>\n<!-- AddThis Advanced Settings generic via filter on the_content --><!-- AddThis Share Buttons generic via filter on the_content -->","protected":false},"excerpt":{"rendered":"<p>Observo con curiosidad m\u00e1s \u2018sociol\u00f3gica\u2019 que pol\u00edtica el videoclip de los debates que sostienen en twitter Pablo Iglesias e \u00cd\u00f1igo Errej\u00f3n. En vez de organizar asambleas con sus correspondientes prolongaciones en los \u2018c\u00edrculos\u2019, los representantes de las dos (\u00bf) \u2018corrientes\u2019 podemitas resumen su pensamiento en las redes y ah\u00ed queda la esgrima del minipulso, y [&hellip;]<!-- AddThis Advanced Settings generic via filter on get_the_excerpt --><!-- AddThis Share Buttons generic via filter on get_the_excerpt --><\/p>\n","protected":false},"author":13,"featured_media":0,"comment_status":"open","ping_status":"closed","sticky":false,"template":"","format":"standard","meta":[],"categories":[1],"tags":[315,422,435,628,944,978,1009,1019,1028,1060,1072,1246],"_links":{"self":[{"href":"https:\/\/blogs.hoy.es\/Juandomingofernandez\/wp-json\/wp\/v2\/posts\/614"}],"collection":[{"href":"https:\/\/blogs.hoy.es\/Juandomingofernandez\/wp-json\/wp\/v2\/posts"}],"about":[{"href":"https:\/\/blogs.hoy.es\/Juandomingofernandez\/wp-json\/wp\/v2\/types\/post"}],"author":[{"embeddable":true,"href":"https:\/\/blogs.hoy.es\/Juandomingofernandez\/wp-json\/wp\/v2\/users\/13"}],"replies":[{"embeddable":true,"href":"https:\/\/blogs.hoy.es\/Juandomingofernandez\/wp-json\/wp\/v2\/comments?post=614"}],"version-history":[{"count":0,"href":"https:\/\/blogs.hoy.es\/Juandomingofernandez\/wp-json\/wp\/v2\/posts\/614\/revisions"}],"wp:attachment":[{"href":"https:\/\/blogs.hoy.es\/Juandomingofernandez\/wp-json\/wp\/v2\/media?parent=614"}],"wp:term":[{"taxonomy":"category","embeddable":true,"href":"https:\/\/blogs.hoy.es\/Juandomingofernandez\/wp-json\/wp\/v2\/categories?post=614"},{"taxonomy":"post_tag","embeddable":true,"href":"https:\/\/blogs.hoy.es\/Juandomingofernandez\/wp-json\/wp\/v2\/tags?post=614"}],"curies":[{"name":"wp","href":"https:\/\/api.w.org\/{rel}","templated":true}]}}