{"id":616,"date":"2016-09-29T10:45:14","date_gmt":"2016-09-29T09:45:14","guid":{"rendered":"http:\/\/blogs.hoy.es\/Juandomingofernandez\/?p=616"},"modified":"2016-09-29T10:45:14","modified_gmt":"2016-09-29T09:45:14","slug":"los-focos-y-la-clave","status":"publish","type":"post","link":"https:\/\/blogs.hoy.es\/Juandomingofernandez\/2016\/09\/29\/los-focos-y-la-clave\/","title":{"rendered":"Los focos y la clave"},"content":{"rendered":"<p>LA primera virtud exigible a un dirigente pol\u00edtico es su capacidad de comprender la realidad. Que act\u00fae sin que parezca que tiene una venda en los ojos o como un aut\u00f3mata. En resumen, que no pueda aplic\u00e1rsele ese juicio tan expresivo de la sabidur\u00eda popular: \u00abCuando el tonto coge la linde, la linde se acaba pero el tonto sigue\u00bb. De pi\u00f1\u00f3n fijo.<br \/>\nDesde la noche del 20-D, cuando dijo aquello de \u00abhemos hecho historia\u00bb e iniciaba la cuesta abajo precipitando al PSOE  a simas in\u00e9ditas, Pedro S\u00e1nchez ha demostrado que su lectura de la realidad no es desde luego la de un pol\u00edtico perspicaz, con instinto, sino la de un \u2018fontanero\u2019 de Ferraz empe\u00f1ado en \u2018mantenerse\u2019, salv\u00e1ndose \u00e9l aunque se hunda el mundo.<br \/>\nParad\u00f3jicamente, el problema de Pedro S\u00e1nchez empez\u00f3 y termin\u00f3 el mismo d\u00eda en que fue elegido secretario general del PSOE. Su error (y el de su equipo m\u00e1s pr\u00f3ximo) ha consistido en no entender cu\u00e1l era la cuesti\u00f3n a tratar, el problema a resolver desde el d\u00eda siguiente a las elecciones del 20-D. Es obvio que el dilema no eran ni el futuro inmediato del anteayer \u2018desconocido\u2019 Pedro S\u00e1nchez ni la direcci\u00f3n org\u00e1nica del PSOE, sino la gobernabilidad de un pa\u00eds necesitado de calibrar unos resultados electorales endiabladamente complejos.<br \/>\nSi hasta el 26-J los reproches que podr\u00edan hac\u00e9rsele estaban m\u00e1s relacionados con su falta de instinto y enjundia como dirigente (frente a otros \u2018animales pol\u00edticos\u2019 que demostraron ser m\u00e1s vers\u00e1tiles con las puestas en escena parlamentarias), despu\u00e9s de las segundas elecciones el mal se agrav\u00f3 como si se hubiera cumplido la antigua maldici\u00f3n griega: \u00abA quien los dioses quieren destruir, primero lo vuelven loco\u00bb. Desde ese momento, Pedro S\u00e1nchez enfoca todas las luces hacia \u00e9l y hacia su equipo de colaboradores m\u00e1s directos, como si ellos y su porvenir  constituyeran el asunto a dilucidar, el problema clave, no la gobernabilidad de Espa\u00f1a&#8230;<br \/>\nEs sabido que Pedro S\u00e1nchez no pasar\u00e1 a la historia por sus aportaciones a la filosof\u00eda pol\u00edtica ni por sus semejanzas con personajes de la talla de Alejandro Magno o Hern\u00e1n Cort\u00e9s&#8230; Lo m\u00e1s penoso para quienes consideran que el PSOE  es un partido hist\u00f3rico que no pertenece solo a sus \u00f3rganos directivos ni a sus militantes ni a sus votantes, sino que constituye un patrimonio de Espa\u00f1a, lo descorazonador, dec\u00eda, es que  tras el 20-D, con Pedro S\u00e1nchez en la secretar\u00eda general \u00fanicamente se ha percibido en la calle como idea-fuerza el mantra del \u00abno a Rajoy\u00bb, como si tal obviedad tuviera de por s\u00ed la consistencia de un programa. \u00a1Qu\u00e9 ceguera!<br \/>\nEntre otras cosas porque el \u00abno a Rajoy\u00bb se lo han dado en las urnas los espa\u00f1oles, que le han desprovisto en dos elecciones consecutivas de la mayor\u00eda absoluta. \u00bfNo se le ha ocurrido pensar a Pedro S\u00e1nchez que su \u2018aportaci\u00f3n\u2019 a este pa\u00eds y a su gobernabilidad \u2013a las cosas importantes que le suceden y que necesita la gente\u2013 tiene que ser algo m\u00e1s que atrincherarse en esa negativa? \u00bfSe imagina a alg\u00fan dirigente socialista que encadenara tantas derrotas sucesivas y no hubiera presentado ya su dimisi\u00f3n?  <\/p>\n<!-- AddThis Advanced Settings generic via filter on the_content --><!-- AddThis Share Buttons generic via filter on the_content -->","protected":false},"excerpt":{"rendered":"<p>LA primera virtud exigible a un dirigente pol\u00edtico es su capacidad de comprender la realidad. Que act\u00fae sin que parezca que tiene una venda en los ojos o como un aut\u00f3mata. En resumen, que no pueda aplic\u00e1rsele ese juicio tan expresivo de la sabidur\u00eda popular: \u00abCuando el tonto coge la linde, la linde se acaba [&hellip;]<!-- AddThis Advanced Settings generic via filter on get_the_excerpt --><!-- AddThis Share Buttons generic via filter on get_the_excerpt --><\/p>\n","protected":false},"author":13,"featured_media":0,"comment_status":"open","ping_status":"closed","sticky":false,"template":"","format":"standard","meta":[],"categories":[1],"tags":[259,391,422,540,978,1015,1060],"_links":{"self":[{"href":"https:\/\/blogs.hoy.es\/Juandomingofernandez\/wp-json\/wp\/v2\/posts\/616"}],"collection":[{"href":"https:\/\/blogs.hoy.es\/Juandomingofernandez\/wp-json\/wp\/v2\/posts"}],"about":[{"href":"https:\/\/blogs.hoy.es\/Juandomingofernandez\/wp-json\/wp\/v2\/types\/post"}],"author":[{"embeddable":true,"href":"https:\/\/blogs.hoy.es\/Juandomingofernandez\/wp-json\/wp\/v2\/users\/13"}],"replies":[{"embeddable":true,"href":"https:\/\/blogs.hoy.es\/Juandomingofernandez\/wp-json\/wp\/v2\/comments?post=616"}],"version-history":[{"count":0,"href":"https:\/\/blogs.hoy.es\/Juandomingofernandez\/wp-json\/wp\/v2\/posts\/616\/revisions"}],"wp:attachment":[{"href":"https:\/\/blogs.hoy.es\/Juandomingofernandez\/wp-json\/wp\/v2\/media?parent=616"}],"wp:term":[{"taxonomy":"category","embeddable":true,"href":"https:\/\/blogs.hoy.es\/Juandomingofernandez\/wp-json\/wp\/v2\/categories?post=616"},{"taxonomy":"post_tag","embeddable":true,"href":"https:\/\/blogs.hoy.es\/Juandomingofernandez\/wp-json\/wp\/v2\/tags?post=616"}],"curies":[{"name":"wp","href":"https:\/\/api.w.org\/{rel}","templated":true}]}}