{"id":62,"date":"2006-12-29T00:06:22","date_gmt":"2006-12-29T00:06:22","guid":{"rendered":"http:\/\/blogs.hoy.es\/Juandomingofernandez\/?p=62"},"modified":"2006-12-29T00:06:22","modified_gmt":"2006-12-29T00:06:22","slug":"hacia-atras-y-hacia-adelante","status":"publish","type":"post","link":"https:\/\/blogs.hoy.es\/Juandomingofernandez\/2006\/12\/29\/hacia-atras-y-hacia-adelante\/","title":{"rendered":"Hacia atr\u00e1s y hacia adelante"},"content":{"rendered":"<p class=\"MsoNormal\"><font face=\"Times New Roman\" size=\"4\"><span style=\"\" lang=\"ES-TRAD\">El fr\u00edo<br \/>\ndel invierno me lo ha recordado. Cuando mis hijos eran peque\u00f1os, yo me<br \/>\nlevantaba dos o tres veces por la noche para evitar que se desarroparan y<br \/>\nperdieran el sue\u00f1o. Esa vigilia no constitu\u00eda para m\u00ed un sacrificio especial, sino<br \/>\nuna garant\u00eda de tranquilidad, pues la confirmaci\u00f3n de que estaban<br \/>\nconfortablemente dormidos en sus camas me produc\u00eda al cabo el mismo efecto que<br \/>\nel somn\u00edfero m\u00e1s eficaz, y a partir de ese instante digamos que yo me echaba a<br \/>\ndormir a pierna suelta.<br \/><span style=\"\">&nbsp;&nbsp; <\/span>Los hijos crecieron y uno ya no tiene<br \/>\nnecesidad de acudir a taparles por la noche para esquivar resfriados. Primero,<br \/>\nporque ya se ocupan ellos de taparse y, segundo, porque no estoy seguro de que<br \/>\nme dejaran entrar, as\u00ed por las buenas, en el &#8216;territorio inviolable&#8217; de sus<br \/>\npropios dormitorios, que se me antojan a estos efectos tan blindados como las<br \/>\ndependencias del Cuerpo Diplom\u00e1tico.<br \/><span style=\"\">&nbsp;&nbsp; <\/span>Dec\u00eda que el fr\u00edo me hab\u00eda tra\u00eddo esos<br \/>\nrecuerdos y es verdad. El fr\u00edo y la noche de Fin de A\u00f1o, para la que apenas faltan<br \/>\n48 horas. Recuerdo que mi abuela Marcela siempre que surg\u00eda el debate de cu\u00e1ndo<br \/>\nse &#8220;est\u00e1 mejor&#8221; con los hijos sentenciaba: &#8220;Desenga\u00f1aros, la mejor \u00e9poca es<br \/>\ncuando se les puede tapar a todos con una manta&#8221;. Es decir, cuando son peque\u00f1os<br \/>\ny no salen de cotill\u00f3n ni a celebrar la llegada del A\u00f1o Nuevo.<br \/><span style=\"\">&nbsp;&nbsp;&nbsp; <\/span>As\u00ed que, a punto de estrenar 2007, me veo<br \/>\nya como mi padre (con lo que le critiqu\u00e9 de adolescente), en pijama y en<br \/>\nzapatillas, por el pasillo, mirando el reloj y dici\u00e9ndole a mi madre a cada<br \/>\nrato: &#8220;\u00a1Que son las seis, y <i style=\"\">estos<\/i> no<br \/>\nhan vuelto!&#8221;<\/span><\/font><br \/><span style=\"\" lang=\"ES-TRAD\"><font face=\"Times New Roman\" size=\"4\"><span style=\"\"><\/span>Evitar\u00e9 ponerme sentimental. Y cuando se<br \/>\nvayan de cotill\u00f3n no les &#8216;chantajear\u00e9&#8217; con mi inquietud. S\u00f3lo me permito una<br \/>\nlicencia: exigirles que al salir se lleven ropa de abrigo&#8230; y esconderles las<br \/>\nllaves del coche. \u00a1Feliz <st1:metricconverter productid=\"2007 a\" w:st=\"on\">2007<br \/>\na<\/st1:metricconverter> todos!<\/font><\/span><\/p>\n<!-- AddThis Advanced Settings generic via filter on the_content --><!-- AddThis Share Buttons generic via filter on the_content -->","protected":false},"excerpt":{"rendered":"<p>El fr\u00edo del invierno me lo ha recordado. Cuando mis hijos eran peque\u00f1os, yo me levantaba dos o tres veces por la noche para evitar que se desarroparan y perdieran el sue\u00f1o. Esa vigilia no constitu\u00eda para m\u00ed un sacrificio especial, sino una garant\u00eda de tranquilidad, pues la confirmaci\u00f3n de que estaban confortablemente dormidos en [&hellip;]<!-- AddThis Advanced Settings generic via filter on get_the_excerpt --><!-- AddThis Share Buttons generic via filter on get_the_excerpt --><\/p>\n","protected":false},"author":13,"featured_media":0,"comment_status":"open","ping_status":"closed","sticky":false,"template":"","format":"standard","meta":[],"categories":[2],"tags":[],"_links":{"self":[{"href":"https:\/\/blogs.hoy.es\/Juandomingofernandez\/wp-json\/wp\/v2\/posts\/62"}],"collection":[{"href":"https:\/\/blogs.hoy.es\/Juandomingofernandez\/wp-json\/wp\/v2\/posts"}],"about":[{"href":"https:\/\/blogs.hoy.es\/Juandomingofernandez\/wp-json\/wp\/v2\/types\/post"}],"author":[{"embeddable":true,"href":"https:\/\/blogs.hoy.es\/Juandomingofernandez\/wp-json\/wp\/v2\/users\/13"}],"replies":[{"embeddable":true,"href":"https:\/\/blogs.hoy.es\/Juandomingofernandez\/wp-json\/wp\/v2\/comments?post=62"}],"version-history":[{"count":0,"href":"https:\/\/blogs.hoy.es\/Juandomingofernandez\/wp-json\/wp\/v2\/posts\/62\/revisions"}],"wp:attachment":[{"href":"https:\/\/blogs.hoy.es\/Juandomingofernandez\/wp-json\/wp\/v2\/media?parent=62"}],"wp:term":[{"taxonomy":"category","embeddable":true,"href":"https:\/\/blogs.hoy.es\/Juandomingofernandez\/wp-json\/wp\/v2\/categories?post=62"},{"taxonomy":"post_tag","embeddable":true,"href":"https:\/\/blogs.hoy.es\/Juandomingofernandez\/wp-json\/wp\/v2\/tags?post=62"}],"curies":[{"name":"wp","href":"https:\/\/api.w.org\/{rel}","templated":true}]}}